{"id":935,"date":"2019-11-04T07:46:56","date_gmt":"2019-11-04T09:46:56","guid":{"rendered":"http:\/\/www.unrp-sites.com\/F10A\/?p=935"},"modified":"2022-03-10T07:03:19","modified_gmt":"2022-03-10T09:03:19","slug":"assemblee-generale-annuelle-2019","status":"publish","type":"post","link":"http:\/\/www.unrp-sites.com\/F10A\/assemblee-generale-annuelle-2019\/","title":{"rendered":"<center>\u00a0Assembl\u00e9e g\u00e9n\u00e9rale annuelle 2019<\/center>"},"content":{"rendered":"<p><span style=\"font-family: arial, helvetica, sans-serif;\">Chers amis,<\/span><\/p>\n<p><span style=\"font-family: arial, helvetica, sans-serif;\">Le beaujolais nouveau\u00a0 est arriv\u00e9 et nous profitons de ce traditionnel \u00e9v\u00e8nement pour vous convier \u00e0 notre assembl\u00e9e g\u00e9n\u00e9rale le\u00a0 <strong>Mercredi 27 Novembre 2019\u00a0 \u00e0 l\u2019Auberge du Moulin 12 rue des Ponts St Michel \u00e0 ST GERVAIS LA FORET 41350 \u00e0 10 heures 45.<\/strong><\/span><\/p>\n<p><span style=\"font-family: arial, helvetica, sans-serif;\">Cette r\u00e9union sera suivi d\u2019un repas am\u00e9lior\u00e9 pris en commun\u00a0 (20 \u20ac) Le bureau prend \u00e0 sa charge\u00a0 la d\u00e9gustation du Beaujolais primeur.\u00a0 Ap\u00e9ritif, entr\u00e9e, plat, fromage, dessert, caf\u00e9.<\/span><\/p>\n<p><span style=\"font-family: arial, helvetica, sans-serif;\">Je rappelle que la cotisation annuelle 2019 est identique \u00e0 celle de 2018 soit 44 \u20ac pour les adh\u00e9rents et 22 \u20ac pour les veuves. Il reste un certain nombre de cotisations dues.<\/span><\/p>\n<p><span style=\"font-family: arial, helvetica, sans-serif;\">Notre ami tr\u00e9sorier, G\u00e9rard GATINE\u00a0 19 rue Jean Monnet 41 000 BLOIS tel 02.54.43.46.28 est \u00e0 votre disposition pour encaissement.<\/span><\/p>\n<p><span style=\"font-family: arial, helvetica, sans-serif;\">La nouvelle r\u00e9forme des retraites en cours, devrait \u00e9pargner les retrait\u00e9s que nous sommes mais nous nous devons de rester vigilants et\u00a0 continuer la mobilisation pour d\u00e9fendre nos int\u00e9r\u00eats et ceux de nos descendants<\/span><\/p>\n<p><span style=\"font-family: arial, helvetica, sans-serif;\">J\u2019appelle d\u2019autre part votre attention sur les prestations d\u00e9pendances auxquelles certains d\u2019entre vous pourraient avoir droit d\u00e8s lors qu\u2019ils b\u00e9n\u00e9ficient de l\u2019APA (aide personnalis\u00e9e \u00e0 l\u2019autonomie), mais \u00e9galement la possibilit\u00e9 de pr\u00e9tendre \u00e0 des heures d\u2019aide m\u00e9nag\u00e8re en sortie d\u2019hospitalisation.<\/span><\/p>\n<p><span style=\"font-family: arial, helvetica, sans-serif;\">Je reste \u00e0 votre disposition pour vous renseigner et vous aider dans les d\u00e9marches, je suis joignable au 02.54.20.39.29 ou 06.23.44.86.40<\/span><\/p>\n<p><span style=\"font-family: arial, helvetica, sans-serif;\">S\u2019inscrire aupr\u00e8s de G\u00e9rard GATINE\u00a0 en pr\u00e9cisant le nombre de personnes pr\u00e9sentes au repas, si possible lui faire parvenir votre cotisation et le montant du repas.<\/span><\/p>\n<p style=\"text-align: right;\"><span style=\"font-family: arial, helvetica, sans-serif;\">Blois le 1\/11\u00a0\u00a0<\/span><\/p>\n<p style=\"text-align: right;\"><span style=\"font-family: arial, helvetica, sans-serif;\">Le Pr\u00e9sident Marc PALLUAUD<\/span><\/p>\n<p>&nbsp;<\/p>\n<p><span style=\"font-family: arial, helvetica, sans-serif;\">\u00a0\u00a0\u00a0\u00a0\u00a0\u00a0\u00a0\u00a0\u00a0\u00a0\u00a0\u00a0\u00a0\u00a0\u00a0\u00a0\u00a0\u00a0\u00a0\u00a0\u00a0\u00a0\u00a0\u00a0\u00a0\u00a0\u00a0\u00a0\u00a0\u00a0\u00a0\u00a0\u00a0\u00a0\u00a0\u00a0\u00a0\u00a0\u00a0\u00a0\u00a0\u00a0\u00a0\u00a0\u00a0\u00a0\u00a0\u00a0\u00a0 \u00a0\u00a0\u00a0\u00a0\u00a0\u00a0\u00a0\u00a0\u00a0\u00a0\u00a0\u00a0\u00a0\u00a0\u00a0\u00a0\u00a0\u00a0\u00a0<\/span><\/p>\n","protected":false},"excerpt":{"rendered":"<p>Chers amis, Le beaujolais nouveau\u00a0 est arriv\u00e9 et nous profitons de ce traditionnel \u00e9v\u00e8nement pour vous convier \u00e0 notre assembl\u00e9e g\u00e9n\u00e9rale le\u00a0 Mercredi 27 Novembre 2019\u00a0 \u00e0 l\u2019Auberge du Moulin 12 rue des Ponts St Michel \u00e0 ST GERVAIS LA FORET 41350 \u00e0 10 heures 45. Cette r\u00e9union sera suivi d\u2019un repas am\u00e9lior\u00e9 pris en [&hellip;]<\/p>\n","protected":false},"author":1,"featured_media":0,"comment_status":"closed","ping_status":"open","sticky":false,"template":"","format":"standard","meta":{"footnotes":""},"categories":[1],"tags":[],"class_list":["post-935","post","type-post","status-publish","format-standard","hentry","category-divers"],"_links":{"self":[{"href":"http:\/\/www.unrp-sites.com\/F10A\/wp-json\/wp\/v2\/posts\/935","targetHints":{"allow":["GET"]}}],"collection":[{"href":"http:\/\/www.unrp-sites.com\/F10A\/wp-json\/wp\/v2\/posts"}],"about":[{"href":"http:\/\/www.unrp-sites.com\/F10A\/wp-json\/wp\/v2\/types\/post"}],"author":[{"embeddable":true,"href":"http:\/\/www.unrp-sites.com\/F10A\/wp-json\/wp\/v2\/users\/1"}],"replies":[{"embeddable":true,"href":"http:\/\/www.unrp-sites.com\/F10A\/wp-json\/wp\/v2\/comments?post=935"}],"version-history":[{"count":1,"href":"http:\/\/www.unrp-sites.com\/F10A\/wp-json\/wp\/v2\/posts\/935\/revisions"}],"predecessor-version":[{"id":1223,"href":"http:\/\/www.unrp-sites.com\/F10A\/wp-json\/wp\/v2\/posts\/935\/revisions\/1223"}],"wp:attachment":[{"href":"http:\/\/www.unrp-sites.com\/F10A\/wp-json\/wp\/v2\/media?parent=935"}],"wp:term":[{"taxonomy":"category","embeddable":true,"href":"http:\/\/www.unrp-sites.com\/F10A\/wp-json\/wp\/v2\/categories?post=935"},{"taxonomy":"post_tag","embeddable":true,"href":"http:\/\/www.unrp-sites.com\/F10A\/wp-json\/wp\/v2\/tags?post=935"}],"curies":[{"name":"wp","href":"https:\/\/api.w.org\/{rel}","templated":true}]}}