{"id":919,"date":"2019-10-05T07:09:37","date_gmt":"2019-10-05T09:09:37","guid":{"rendered":"http:\/\/www.unrp-sites.com\/F10A\/?p=919"},"modified":"2019-10-05T07:13:34","modified_gmt":"2019-10-05T09:13:34","slug":"tragedie-frappant-la-police","status":"publish","type":"post","link":"http:\/\/www.unrp-sites.com\/F10A\/tragedie-frappant-la-police\/","title":{"rendered":"<center>Trag\u00e9die frappant la police<\/center>"},"content":{"rendered":"<p><span style=\"font-family: arial, helvetica, sans-serif;\">Bonjour \u00e0 tous,<\/span><br \/>\n<span style=\"font-family: arial, helvetica, sans-serif;\">Encore une trag\u00e9die qui frappe toute la Police.<\/span><br \/>\n<span style=\"font-family: arial, helvetica, sans-serif;\">Nos coll\u00e8gues qui venaient d&rsquo;exprimer leur col\u00e8re, leur ras le bol, mercredi, lors d&rsquo;une gigantesque journ\u00e9e d&rsquo;action, sont cette fois-ci meurtris dans leur chair et sous le choc\u2026<\/span><br \/>\n<span style=\"font-family: arial, helvetica, sans-serif;\">Nous pensons aux coll\u00e8gues tu\u00e9s, \u00e0 leurs familles, \u00e0 tout le personnel de la Pr\u00e9fecture de police et \u00e0 toute notre corporation<\/span><br \/>\n<span style=\"font-family: arial, helvetica, sans-serif;\">L&rsquo;UNION NATIONALE DES RETRAIT\u00c9S DE LA POLICE exprime ses condol\u00e9ances attrist\u00e9es et son total soutien, \u00e0 l&rsquo;occasion de ce drame affreux.<\/span><\/p>\n<p style=\"text-align: right;\"><span style=\"font-family: arial, helvetica, sans-serif;\">Tr\u00e8s cordialement,<\/span><br \/>\n<span style=\"font-family: arial, helvetica, sans-serif;\">Philippe MOUE<\/span><br \/>\n<span style=\"font-family: arial, helvetica, sans-serif;\">Pr\u00e9sident de l\u2019UNRP<\/span><\/p>\n","protected":false},"excerpt":{"rendered":"<p>Bonjour \u00e0 tous, Encore une trag\u00e9die qui frappe toute la Police. Nos coll\u00e8gues qui venaient d&rsquo;exprimer leur col\u00e8re, leur ras le bol, mercredi, lors d&rsquo;une gigantesque journ\u00e9e d&rsquo;action, sont cette fois-ci meurtris dans leur chair et sous le choc\u2026 Nous pensons aux coll\u00e8gues tu\u00e9s, \u00e0 leurs familles, \u00e0 tout le personnel de la Pr\u00e9fecture de [&hellip;]<\/p>\n","protected":false},"author":1,"featured_media":0,"comment_status":"closed","ping_status":"closed","sticky":false,"template":"","format":"standard","meta":{"footnotes":""},"categories":[1],"tags":[],"class_list":["post-919","post","type-post","status-publish","format-standard","hentry","category-divers"],"_links":{"self":[{"href":"http:\/\/www.unrp-sites.com\/F10A\/wp-json\/wp\/v2\/posts\/919","targetHints":{"allow":["GET"]}}],"collection":[{"href":"http:\/\/www.unrp-sites.com\/F10A\/wp-json\/wp\/v2\/posts"}],"about":[{"href":"http:\/\/www.unrp-sites.com\/F10A\/wp-json\/wp\/v2\/types\/post"}],"author":[{"embeddable":true,"href":"http:\/\/www.unrp-sites.com\/F10A\/wp-json\/wp\/v2\/users\/1"}],"replies":[{"embeddable":true,"href":"http:\/\/www.unrp-sites.com\/F10A\/wp-json\/wp\/v2\/comments?post=919"}],"version-history":[{"count":0,"href":"http:\/\/www.unrp-sites.com\/F10A\/wp-json\/wp\/v2\/posts\/919\/revisions"}],"wp:attachment":[{"href":"http:\/\/www.unrp-sites.com\/F10A\/wp-json\/wp\/v2\/media?parent=919"}],"wp:term":[{"taxonomy":"category","embeddable":true,"href":"http:\/\/www.unrp-sites.com\/F10A\/wp-json\/wp\/v2\/categories?post=919"},{"taxonomy":"post_tag","embeddable":true,"href":"http:\/\/www.unrp-sites.com\/F10A\/wp-json\/wp\/v2\/tags?post=919"}],"curies":[{"name":"wp","href":"https:\/\/api.w.org\/{rel}","templated":true}]}}