{"id":852,"date":"2019-05-27T15:17:18","date_gmt":"2019-05-27T17:17:18","guid":{"rendered":"http:\/\/www.unrp-sites.com\/F10A\/?p=852"},"modified":"2019-06-07T16:24:53","modified_gmt":"2019-06-07T18:24:53","slug":"retraites-et-retraites-rapport-de-synthese","status":"publish","type":"post","link":"http:\/\/www.unrp-sites.com\/F10A\/retraites-et-retraites-rapport-de-synthese\/","title":{"rendered":"<center>RETRAITES ET RETRAIT\u00c9S: RAPPORT DE SYNTHESE<\/center>"},"content":{"rendered":"<p style=\"text-align: center;\"><span style=\"font-family: arial, helvetica, sans-serif;\">R\u00c9UNION DU 18 AVRIL 2019 \u00c0 L&rsquo;ASSEMBL\u00c9E NATIONALE<\/span><br \/>\n<span style=\"font-family: arial, helvetica, sans-serif;\">RETRAITES ET RETRAIT\u00c9S: RAPPORT DE SYNTHESE<\/span><\/p>\n<p><span style=\"font-family: arial, helvetica, sans-serif;\">Objet : Compte rendu de la r\u00e9union des Pr\u00e9sidents des Conf\u00e9d\u00e9rations, F\u00e9d\u00e9rations, Unions et Associations nationales de retrait\u00e9s, le 18 avril 2019 \u00e0 l\u2019Assembl\u00e9e Nationale<\/span><\/p>\n<p><span style=\"font-family: arial, helvetica, sans-serif;\">A l\u2019initiative des Pr\u00e9sidents des Conf\u00e9d\u00e9rations, des Unions, des F\u00e9d\u00e9rations et des Associations de Retrait\u00e9s et de Conjoints de Retrait\u00e9s s\u2019est tenue, le jeudi 18 avril dernier, dans une salle mise \u00e0 disposition par l&rsquo;Assembl\u00e9e Nationale, la premi\u00e8re r\u00e9union en vue de la constitution d&rsquo;un groupe de travail sur les retraites, les retrait\u00e9s et les personnes \u00e2g\u00e9es. Cette r\u00e9union \u00e9tait pr\u00e9sid\u00e9e par Monsieur Jean Lassalle, D\u00e9put\u00e9 des Pyr\u00e9n\u00e9es-Atlantiques, Monsieur Guy BISIN, Pr\u00e9sident et fondateur de l\u2019association \u00ab\u00a0Retrait\u00e9s Agir Ensemble\u00a0\u00bb et Monsieur Thierry BENNE, Retrait\u00e9-expert.<\/span><\/p>\n<p><span style=\"font-family: arial, helvetica, sans-serif;\">C\u2019est plus de deux millions de retrait\u00e9s que repr\u00e9sentaient les Pr\u00e9sidents et autres repr\u00e9sentants des dites Conf\u00e9d\u00e9rations, F\u00e9d\u00e9rations, Unions et Associations, pr\u00e9sentes \u00e0 cette r\u00e9union in\u00e9dite.<\/span><\/p>\n<p><span style=\"font-family: arial, helvetica, sans-serif;\">La qualit\u00e9 et l&rsquo;exp\u00e9rience pratique des intervenants ont permis d\u2019examiner l\u2019ensemble des points importants soulev\u00e9s par les retrait\u00e9s depuis de nombreuses ann\u00e9es, parmi lesquels plusieurs th\u00e8mes principaux ont \u00e9merg\u00e9 au cours de cette r\u00e9union, notamment :<\/span><!--more--><\/p>\n<p><span style=\"font-family: arial, helvetica, sans-serif;\">1- L\u2019indispensable garantie du pouvoir d\u2019achat des retrait\u00e9s<\/span><br \/>\n<span style=\"font-family: arial, helvetica, sans-serif;\">2- La n\u00e9cessaire repr\u00e9sentation des retrait\u00e9s dans les plus hautes institutions nationales<\/span><br \/>\n<span style=\"font-family: arial, helvetica, sans-serif;\">3- Le grand \u00e2ge et la d\u00e9pendance<\/span><br \/>\n<span style=\"font-family: arial, helvetica, sans-serif;\">4- L\u2019importance trop souvent m\u00e9connue du b\u00e9n\u00e9volat et de la solidarit\u00e9 interg\u00e9n\u00e9rationnelle<\/span><br \/>\n<span style=\"font-family: arial, helvetica, sans-serif;\">5- La r\u00e9forme des retraites et notamment la pension de r\u00e9version<\/span><br \/>\n<span style=\"font-family: arial, helvetica, sans-serif;\">6- Autres r\u00e9flexions<\/span><br \/>\n<span style=\"font-family: arial, helvetica, sans-serif;\">7- Grand d\u00e9bat national<\/span><\/p>\n<p><span style=\"font-family: arial, helvetica, sans-serif;\">1 &#8211; S\u2019agissant du pouvoir d\u2019achat<\/span><\/p>\n<p><span style=\"font-family: arial, helvetica, sans-serif;\">On sait que la situation fiscale des retrait\u00e9s n\u2019est plus supportable. Depuis de tr\u00e8s nombreuses ann\u00e9es, ils sont devenus la cible d&rsquo;un v\u00e9ritable matraquage abusif et injuste qui a r\u00e9duit drastiquement leur pouvoir d\u2019achat.<\/span><\/p>\n<p><span style=\"font-family: arial, helvetica, sans-serif;\">Contrairement aux actifs, en 20 ans, le pouvoir d\u2019achat des retrait\u00e9s a \u00e9t\u00e9 amput\u00e9 de quelque 20%, ce qui repr\u00e9sente d\u00e9sormais pour eux la perte irr\u00e9versible de quelque deux mois de pension de retraite par an.<\/span><\/p>\n<p><span style=\"font-family: arial, helvetica, sans-serif;\">Depuis 2012, cette f\u00e2cheuse tendance s&rsquo;est m\u00eame acc\u00e9l\u00e9r\u00e9e: CASA, suppression de la demi part des veuves et veufs, fiscalisation de la majoration de 10% de la pension et plus pour les personnes ayant \u00e9lev\u00e9 au moins 3 enfants ou plus. A cela s\u2019ajoute la hausse de 25% de la CSG, le gel sournois des pensions de retraites depuis plusieurs ann\u00e9es, le report d&rsquo;un an complet des revalorisations \u00e0 intervenir alors qu&rsquo;il s&rsquo;agit de cr\u00e9ances largement alimentaires, ainsi que la d\u00e9sindexation des retraites en violation directe de tous les engagements formels du candidat comme du Pr\u00e9sident de la R\u00e9publique.<\/span><\/p>\n<p><span style=\"font-family: arial, helvetica, sans-serif;\">Cela fait beaucoup pour une tr\u00e8s large cat\u00e9gorie (= un quart du total!) de la population qui souffre en silence. C\u2019est en effet par une longue vie de travail et de privations que les retrait\u00e9s ont acquis pour eux et leurs proches, le droit de se mettre \u00e0 l\u2019abri du besoin durant les derni\u00e8res ann\u00e9es de leur vie.<\/span><\/p>\n<p><span style=\"font-family: arial, helvetica, sans-serif;\">Les retrait\u00e9s ressentent tr\u00e8s douloureusement l&rsquo;injustice qui les frappe et ils estiment servir fort injustement de variable d\u2019ajustement budg\u00e9taire. Ils constatent et ne comprennent pas qu\u2019on les ran\u00e7onne, eux, les membres les plus faibles de la communaut\u00e9 \u00e9conomique pour favoriser les acteurs les plus forts, que sont les actifs qui d\u00e9tiennent des pouvoirs de n\u00e9gociation ou de changement dont les retrait\u00e9s sont strictement d\u00e9pourvus.<\/span><\/p>\n<p><span style=\"font-family: arial, helvetica, sans-serif;\">Pour l\u2019ensemble des retrait\u00e9s, la garantie du pouvoir d&rsquo;achat passe par la cessation du matraquage fiscal, une suppression de la hausse de la CSG pour tous les retrait\u00e9s et une r\u00e9 indexation imm\u00e9diate et durable des pensions, de toutes les pensions.<\/span><\/p>\n<p><span style=\"font-family: arial, helvetica, sans-serif;\">Par ailleurs, il a \u00e9t\u00e9 not\u00e9 une grande d\u00e9tresse des pensions du monde agricole. Bien souvent les 1,4M de retrait\u00e9s agricoles, se refusent \u00e0 percevoir les compl\u00e9ments de solidarit\u00e9, auxquels ils ont droit, par crainte de leur r\u00e9cup\u00e9ration ult\u00e9rieure sur la succession. Ils sont en outre frapp\u00e9s d\u2019une double peine, celle d\u2019une carri\u00e8re difficile \u00e0 conduire suivie de faibles retraites.<\/span><\/p>\n<p><span style=\"font-family: arial, helvetica, sans-serif;\">En effet, les retrait\u00e9s agricoles disposent trop souvent d\u2019une retraite inf\u00e9rieure aux minimas sociaux (ASPA) et au seuil de pauvret\u00e9. Pour parer \u00e0 cette anomalie, l&rsquo;objectif annonc\u00e9 tend \u00e0 une revalorisation g\u00e9n\u00e9ralis\u00e9e des retraites agricoles avec un seuil minimum \u00e0 85% du SMIC.<\/span><\/p>\n<p><span style=\"font-family: arial, helvetica, sans-serif;\">Les retrait\u00e9s agricoles ne veulent pas que perdure l\u2019adage de Voltaire lorsqu\u2019il \u00e9crivait \u00ab On a trouv\u00e9 en bonne politique l\u2019art de faire mourir de faim, ceux qui de par leur fonction ont la charge de nourrir les autres \u00bb.<\/span><\/p>\n<p><span style=\"font-family: arial, helvetica, sans-serif;\">2 &#8211; La repr\u00e9sentation des retrait\u00e9s dans les plus hautes instances de l\u2019Etat, une imp\u00e9rieuse n\u00e9cessit\u00e9<\/span><\/p>\n<p><span style=\"font-family: arial, helvetica, sans-serif;\">Les retrait\u00e9s sont syst\u00e9matiquement tenus \u00e0 l\u2019\u00e9cart des instances comp\u00e9tentes qui les concernent. Ils ne d\u00e9l\u00e8guent en tant que tels aucun repr\u00e9sentant au Conseil d\u2019Orientation des Retraites, au Conseil Economique Social et Environnemental, au Comit\u00e9 de Suivi des Retraites, au Haut-Commissariat \u00e0 la R\u00e9forme des Retraites, ni trop souvent \u2013 ou en nombre infime &#8211; dans les Conseils d\u2019Administration et Commissions de toutes les Caisses de retraites.<\/span><\/p>\n<p><span style=\"font-family: arial, helvetica, sans-serif;\">Or \u00ab Il n\u2019y a que la pr\u00e9sence autour d\u2019une table qui permet de faire peser de son influence \u00bb (Jean-Pierre Raffarin).<\/span><\/p>\n<p><span style=\"font-family: arial, helvetica, sans-serif;\">Il n\u2019y a pas, non plus, de Minist\u00e8re ni de Secr\u00e9tariat d\u2019Etat r\u00e9gissant les retraites, alors que le poids tant des cotisations que des pensions pour la population des 17 millions de retrait\u00e9s repr\u00e9sentent environ tant en recettes qu&rsquo;en d\u00e9penses 14% du PIB National, soit l\u2019un des postes majeurs de cette r\u00e9f\u00e9rence, infiniment plus que les grands budgets de l&rsquo;\u00c9ducation Nationale et de la D\u00e9fense.<\/span><\/p>\n<p><span style=\"font-family: arial, helvetica, sans-serif;\">Or les retrait\u00e9s demeurent les grands oubli\u00e9s du Grand D\u00e9bat National. Ce qui a motiv\u00e9 leur pr\u00e9sence \u00e0 la r\u00e9union du 18 avril 2019 \u00e0 l\u2019Assembl\u00e9e Nationale.<\/span><\/p>\n<p><span style=\"font-family: arial, helvetica, sans-serif;\">Il est temps de corriger ces injustices en cr\u00e9ant dans les ann\u00e9es \u00e0 venir un Minist\u00e8re d\u00e9di\u00e9 aux retraites, qui traite tant des cotisants que des pensionn\u00e9s et de lancer un grand programme d\u2019int\u00e9gration des retrait\u00e9s dans toutes les instances nationales de d\u00e9cision pour les retrait\u00e9s.<\/span><\/p>\n<p><span style=\"font-family: arial, helvetica, sans-serif;\">Il est aussi n\u00e9cessaire dans le cadre d&rsquo;une d\u00e9mocratie sociale majeure et \u00e9volu\u00e9e d&rsquo;instituer une repr\u00e9sentation autonome des retrait\u00e9s, avec une structure sp\u00e9cifique d\u00e9di\u00e9e et ayant des pouvoirs identiques \u00e0 ceux syndicats professionnels. En effet ceux-ci demeurent, ne l&rsquo;oublions pas, par leur objet l\u00e9gal, juridiquement cantonn\u00e9s \u00e0 la d\u00e9fense des actifs, m\u00eame si beaucoup n&rsquo;h\u00e9sitent pas en cr\u00e9ant des sections de retrait\u00e9s, \u00e0 se trouver implicitement en plein conflit d&rsquo;int\u00e9r\u00eats puisque repr\u00e9sentants uniques de parties ayant des int\u00e9r\u00eats distincts et parfois contradictoires.<\/span><\/p>\n<p><span style=\"font-family: arial, helvetica, sans-serif;\">3 &#8211; Le Grand \u00e2ge et la d\u00e9pendance<\/span><\/p>\n<p><span style=\"font-family: arial, helvetica, sans-serif;\">Le grand \u00e2ge est souvent ressenti comme peu attractif, voire redoutable. Il est facteur de souffrances, de d\u00e9ficits invalidants, d\u2019isolement affectif et social. Les besoins d\u2019aide s\u2019imposent car il est difficile de rester ma\u00eetre de ses choix. Des actions sont men\u00e9es par certaines associations en partenariat avec des organismes en charge de ces sujets pour transformer et mettre en valeur l\u2019image des vieux par eux-m\u00eames et dans la soci\u00e9t\u00e9. Il est n\u00e9cessaire de leur accorder le plus grand int\u00e9r\u00eat.<\/span><\/p>\n<p><span style=\"font-family: arial, helvetica, sans-serif;\">Apr\u00e8s des ann\u00e9es d\u2019angoisse et de vie dans la pr\u00e9carit\u00e9 avec des petites pensions, les retrait\u00e9s sentent pointer une autre angoisse, celle du co\u00fbt et du financement la d\u00e9pendance notamment pour les s\u00e9jours en EHPAD.<\/span><\/p>\n<p><span style=\"font-family: arial, helvetica, sans-serif;\">Ne pas oublier enfin que la France d\u00e9tient le triste record en Europe du taux de suicide des personnes \u00e2g\u00e9es de 75 ans et plus. Il y un int\u00e9r\u00eat \u00e0 porter une attention renforc\u00e9e au grand \u00e2ge, surtout lorsque s&rsquo;ach\u00e8ve l&rsquo;esp\u00e9rance de vie en bonne sant\u00e9.<\/span><\/p>\n<p><span style=\"font-family: arial, helvetica, sans-serif;\">Par ailleurs, l&rsquo;\u00e2gisme ambiant a \u00e9t\u00e9 r\u00e9cemment soulign\u00e9 et d\u00e9nonc\u00e9 par le dernier congr\u00e8s des Soci\u00e9t\u00e9s de G\u00e9riatrie et de G\u00e9rontologie. Il est n\u00e9cessaire de mener des actions concert\u00e9es en vue de la reconnaissance du potentiel de l&rsquo;\u00e2ge: ressources, comp\u00e9tences, exp\u00e9riences et disponibilit\u00e9 et de faire cesser au plus vite les multiples discriminations dont, souvent au m\u00e9pris des lois, les retrait\u00e9s sont victimes, y compris de la part des pouvoirs publics.<\/span><\/p>\n<p><span style=\"font-family: arial, helvetica, sans-serif;\">La Soci\u00e9t\u00e9 a besoin des Vieux, de leur pr\u00e9sence, leurs regards, leurs propositions, leurs actions. Pour cela notre soci\u00e9t\u00e9 doit se pr\u00e9occuper de faciliter leur mobilit\u00e9 et l\u2019acc\u00e8s aux informations. La soci\u00e9t\u00e9 gagnerait \u00e0 accorder une v\u00e9ritable place reconnue aux vieux.<\/span><br \/>\n<span style=\"font-family: arial, helvetica, sans-serif;\">Le pape Benoit XVI disait: \u00abLa qualit\u00e9 d\u2019un pays, je dirai d\u2019une civilisation se juge \u00e0 la mani\u00e8re dont les personnes \u00e2g\u00e9es sont trait\u00e9es et \u00e0 la place qui leur est r\u00e9serv\u00e9e dans la vie commune\u00bb.<\/span><\/p>\n<p><span style=\"font-family: arial, helvetica, sans-serif;\">4 &#8211; Retrait\u00e9s, b\u00e9n\u00e9volat et solidarit\u00e9 inter g\u00e9n\u00e9rationnelle<\/span><br \/>\n<span style=\"font-family: arial, helvetica, sans-serif;\">Il est \u00e0 noter que certaines associations militent pour la mise en place d&rsquo;actions afin d&rsquo;amplifier l&rsquo;engagement des seniors dans la soci\u00e9t\u00e9.<\/span><br \/>\n<span style=\"font-family: arial, helvetica, sans-serif;\">L&rsquo;Etat doit mener une grande campagne de communication et r\u00e9fl\u00e9chir \u00e0 une reconnaissance du b\u00e9n\u00e9volat sous toutes ses formes soit institutionnelles (notamment municipales), soit personnelles.<\/span><br \/>\n<span style=\"font-family: arial, helvetica, sans-serif;\">L\u2019amorce d&rsquo;une analyse pr\u00e9cise des diff\u00e9rentes formes de solidarit\u00e9 interg\u00e9n\u00e9rationnelle (aides mon\u00e9taires et en nature de toutes sortes \u00e0 l&rsquo;int\u00e9rieur de la cellule familiale) est \u00e9galement primordiale, pour cesser de colporter partout l&rsquo;image d\u00e9sastreuse et fausse de retrait\u00e9s \u00e9go\u00efstes, parfaitement indiff\u00e9rents au sort des g\u00e9n\u00e9rations futures.<\/span><br \/>\n<span style=\"font-family: arial, helvetica, sans-serif;\">En effet, il y a n\u00e9cessit\u00e9 et urgence de mener les \u00e9tudes n\u00e9cessaires pour \u00e9valuer r\u00e9guli\u00e8rement et de mani\u00e8re parfaitement m\u00e9thodique toutes ces contributions \u00e0 la solidarit\u00e9 nationale qu&rsquo;ignorent compl\u00e9tement une comptabilit\u00e9 nationale profond\u00e9ment archa\u00efque et des instituts statistiques (notamment INSEE et DREES) qui d\u00e9tournent visiblement leur regard de cette importante question.<\/span><\/p>\n<p><span style=\"font-family: arial, helvetica, sans-serif;\">5 &#8211; La r\u00e9forme des retraites et notamment la pension de r\u00e9version<\/span><\/p>\n<p><span style=\"font-family: arial, helvetica, sans-serif;\">On n&rsquo;a sans doute pas fini de d\u00e9plorer les cons\u00e9quences hautement dommageables de l&rsquo;opinion selon laquelle les jeunes n&rsquo;auront plus de retraite. Les jeunes se montrent sceptiques sur l&rsquo;avenir du syst\u00e8me de retraite par r\u00e9partition. En effet le dernier sondage r\u00e9alis\u00e9 par Opinion Way pour l\u2019Agirc-Arrco, montre que 40 % des sond\u00e9s ne sont pas certains de disposer d\u2019une pension de retraite \u00e0 la fin de leur carri\u00e8re.<\/span><\/p>\n<p><span style=\"font-family: arial, helvetica, sans-serif;\">Il est indispensable d\u2019envisager une sensibilisation des jeunes et des actifs avec une initiation et une pr\u00e9paration syst\u00e9matiques \u00e0 la retraite des uns et des autres.<\/span><\/p>\n<p><span style=\"font-family: arial, helvetica, sans-serif;\">Dans le cadre de la r\u00e9forme des retraites, il y a contradiction entre le report de l&rsquo;\u00e2ge de d\u00e9part d&rsquo;une part avec l&rsquo;importance angoissante du ch\u00f4mage des seniors d&rsquo;autre part, tout comme d&rsquo;ailleurs avec le principe de la retraite par points.<\/span><\/p>\n<p><span style=\"font-family: arial, helvetica, sans-serif;\">Pr\u00e8s de 4,5 millions de conjoints retrait\u00e9s sont b\u00e9n\u00e9ficiaires \u00e0 titre d\u2019ayants droit de la pension de r\u00e9version, dont 90% sont des femmes qui n\u2019ont que la pension de r\u00e9version pour survivre et dont on conna\u00eet l\u2019insuffisance. Apr\u00e8s la suppression de la demi-part des veuves en 2014, il serait dommageable pour trop d&rsquo;entre elles de r\u00e9duire encore leurs maigres pensions dans le cadre de la r\u00e9forme des retraites.<\/span><\/p>\n<p><span style=\"font-family: arial, helvetica, sans-serif;\">Le sort des veuves de militaires est \u00e0 souligner. En effet, elles ont consacr\u00e9 leur vie \u00e0 l\u2019\u00e9ducation des enfants et \u00e0 l\u2019organisation mat\u00e9rielle pour les besoins de la famille durant les longues absences de leur conjoint. Pour elles, la pension de r\u00e9version est vitale.<\/span><\/p>\n<p><span style=\"font-family: arial, helvetica, sans-serif;\">Le r\u00e9gime particulier de bonification pour campagne et services rendus \u00e0 la Nation dans le calcul des pensions des militaires de carri\u00e8re doit \u00eatre pr\u00e9serv\u00e9 en maintenant les bonifications de campagne applicables aux pensions de militaires en op\u00e9ration ext\u00e9rieures mais aussi aux militaires sur le sol fran\u00e7ais notamment en outre-mer.<\/span><\/p>\n<p><span style=\"font-family: arial, helvetica, sans-serif;\">Le triste sort qui a r\u00e9cemment co\u00fbt\u00e9 la vie de nos deux soldats, h\u00e9ros d\u2019une guerre implacable contre le terrorisme en lib\u00e9rant des otages, nous rappelle \u00e0 la r\u00e9alit\u00e9 de la vie difficile de nos soldats.<\/span><\/p>\n<p><span style=\"font-family: arial, helvetica, sans-serif;\">Les retrait\u00e9s ne demandent pas la charit\u00e9, mais la reconnaissance de leurs m\u00e9rites, de leurs besoins l\u00e9gitimes et de leur dignit\u00e9, seuls crit\u00e8res pour leur assurer un avenir plus serein.<\/span><\/p>\n<p><span style=\"font-family: arial, helvetica, sans-serif;\">6 &#8211; Autres th\u00e8mes de r\u00e9flexion<\/span><\/p>\n<p><span style=\"font-family: arial, helvetica, sans-serif;\">Par ailleurs, diff\u00e9rents th\u00e8mes ont \u00e9t\u00e9 \u00e9voqu\u00e9s qui m\u00e9ritent que l\u2019on y pr\u00eate la plus grande attention.<\/span><\/p>\n<p><span style=\"font-family: arial, helvetica, sans-serif;\">Notre g\u00e9n\u00e9ration est la premi\u00e8re \u00e0 devoir assumer aussi longtemps la solidarit\u00e9 envers des enfants qui entrent de plus en plus tard dans la vie active et des parents dont, gr\u00e2ce \u00e0 la m\u00e9decine, la survie s&rsquo;est de beaucoup accrue.<\/span><\/p>\n<p><span style=\"font-family: arial, helvetica, sans-serif;\">S\u2019agissant de l\u2019assurance-vieillesse, elle implique \u2013 comme son nom l&rsquo;indique mais comme l&rsquo;oublient trop souvent l&rsquo;\u00c9tat et les partenaires sociaux &#8211; une collaboration effective entre les actifs (volet assurance \/ cotisations) et les retrait\u00e9s (volet vieillesse \/ pensions).<\/span><\/p>\n<p><span style=\"font-family: arial, helvetica, sans-serif;\">Face au reproche portant sur le co\u00fbt excessif des pensions (14% du PIB), il est n\u00e9cessaire de rappeler qu&rsquo;en vertu du principe de l&rsquo;\u00e9quilibre des flux, les recettes issues des cotisations sont pratiquement au m\u00eame niveau. Donc toute \u00e9conomie sur les pensions devrait r\u00e9ciproquement entra\u00eener une r\u00e9duction proportionnelle des cotisations et donc sans procurer de solde tangible \u00e0 tous ceux qui lorgnent sur les retraites parce qu&rsquo;ils ne savent pas r\u00e9duire autrement la d\u00e9pense publique.<\/span><\/p>\n<p><span style=\"font-family: arial, helvetica, sans-serif;\">7 &#8211; Grand d\u00e9bat et annonces du Pr\u00e9sident de la R\u00e9publique<\/span><\/p>\n<p><span style=\"font-family: arial, helvetica, sans-serif;\">S\u2019agissant du Grand D\u00e9bat National et suite aux annonces du Pr\u00e9sident de la R\u00e9publique du 26 avril 2019, force est de constater par les retrait\u00e9s que le compte n\u2019y est pas et m\u00eame pas du tout, en dehors d&rsquo;annonces \u00e9lectorales \u00e0 port\u00e9e soigneusement diff\u00e9r\u00e9e destin\u00e9es \u00e0 \u00e9viter au pouvoir lors du scrutin europ\u00e9en un vote-sanction des retrait\u00e9s parfaitement m\u00e9rit\u00e9.<\/span><\/p>\n<p><span style=\"font-family: arial, helvetica, sans-serif;\">Les retrait\u00e9s ont bien not\u00e9 une timide tentative de r\u00e9\u00e9quilibrage fiscal, mais ils constatent qu\u2019il ne leur est restitu\u00e9 que tr\u00e8s partiellement ce qui leur a \u00e9t\u00e9 pris depuis le 1er janvier 2018 et qui existait d\u00e9j\u00e0 auparavant. Pour tout dire, l&rsquo;augmentation de CSG non compens\u00e9e est tr\u00e8s mal pass\u00e9e, ressentie par tous ou presque soit comme une provocation inutile, soit comme une vexation de la part d&rsquo;un pouvoir qui pr\u00e9sente trop facilement les retrait\u00e9s comme des nantis, des parasites cou des inactifs.<\/span><\/p>\n<p><span style=\"font-family: arial, helvetica, sans-serif;\">S\u2019agissant de la r\u00e9 indexation des petites retraites en 2020, elle semble rendue caduque du fait du projet de la loi de financement de la S\u00e9curit\u00e9 Sociale pour 2019 et de la d\u00e9cision du Conseil Constitutionnel qui a cass\u00e9 la disposition pour 2020.<\/span><\/p>\n<p><span style=\"font-family: arial, helvetica, sans-serif;\">Conclusion<\/span><\/p>\n<p><span style=\"font-family: arial, helvetica, sans-serif;\">Cette r\u00e9union in\u00e9dite du 18 avril 2019 fut une premi\u00e8re, il est envisag\u00e9 pour cette ann\u00e9e d\u2019en organiser deux autres en juin et en septembre.<\/span><\/p>\n<p><span style=\"font-family: arial, helvetica, sans-serif;\">Les retrait\u00e9s demandent que, dans un souci d\u2019\u00e9quit\u00e9, toutes les composantes de la soci\u00e9t\u00e9 fran\u00e7aise soient trait\u00e9es de la m\u00eame mani\u00e8re et qu\u2019aucune discrimination ne soit cr\u00e9\u00e9e ou entretenue entre les actifs et les retrait\u00e9s ou m\u00eame entre les retrait\u00e9s eux-m\u00eames.<\/span><\/p>\n<p><span style=\"font-family: arial, helvetica, sans-serif;\">Car pour la plupart, leur grand \u00e2ge n&rsquo;a en rien alt\u00e9r\u00e9 leurs facult\u00e9s de raisonnement, enrichies encore par l&rsquo;exp\u00e9rience. Or les retrait\u00e9s ont parfaitement conscience que le patronat n&rsquo;a aucun int\u00e9r\u00eat \u00e0 voir s&rsquo;asseoir \u00e0 la table des n\u00e9gociations un nouveau partenaire mal connu, que les syndicats ne souhaitent nullement perdre une partie de leurs pr\u00e9rogatives en admettant aux d\u00e9bats des retrait\u00e9s qu&rsquo;ils pr\u00e9tendaient d\u00e9fendre jusqu&rsquo;alors et enfin que le pouvoir se satisfait parfaitement de ses interlocuteurs habituels qu&rsquo;il conna\u00eet et man\u0153uvre ais\u00e9ment, plut\u00f4t que d&rsquo;introduire dans la m\u00e9canique fragile des retraites un tiers \u00c9tat sans nul doute moins conciliant et nettement plus revendicatif.<\/span><\/p>\n<p><span style=\"font-family: arial, helvetica, sans-serif;\">Mais, cette sinistre anomalie ne peut plus durer. Outre un fort besoin de reconnaissance et de repr\u00e9sentativit\u00e9, il convient d\u2019apporter aux retrait\u00e9s d\u2019autres r\u00e9ponses qui leur donneraient la garantie ferme et d\u00e9finitive du maintien du pouvoir d\u2019achat auquel ils ont droit pour vivre dignement.<\/span><\/p>\n<p><span style=\"font-family: arial, helvetica, sans-serif;\">Par ailleurs, nous demandons solennellement \u00e0 Monsieur Le D\u00e9put\u00e9 Jean Lassalle de bien vouloir transmettre ce constat \u00e0 toutes les autorit\u00e9s comp\u00e9tentes, inclus les plus hautes, afin de faire remonter \u00e0 qui de droit &#8211; tant aupr\u00e8s du Parlement que de l&rsquo;Ex\u00e9cutif &#8211; la probl\u00e9matique des retrait\u00e9s qui repr\u00e9sentent &#8211; il ne faut pas l&rsquo;oublier &#8211; plus du tiers du corps \u00e9lectoral du pays. Comment ne pas s&rsquo;\u00e9tonner en effet que ces m\u00eames retrait\u00e9s affolent constamment tous les capteurs de l&rsquo;administration fiscale qui les taxe tant et plus, comme ceux des administrations sociales qui les rationnent sans cesse davantage, sans jamais activer les radars d\u00e9cid\u00e9ment assoupis de notre d\u00e9mocratie sociale. Il est important que les dol\u00e9ances et v\u0153ux de la majorit\u00e9 des retrait\u00e9s soient pris en compte. Il faut r\u00e9tablir enfin un climat de justice et d&rsquo;apaisement passablement d\u00e9t\u00e9rior\u00e9 par les derni\u00e8res initiatives d&rsquo;un pouvoir pr\u00e9dateur qui, ces derni\u00e8res ann\u00e9es, a eu trop tendance \u00e0 consid\u00e9rer l&rsquo;argent des pensions comme une sorte de r\u00e9serve, dans laquelle il peut puiser sans retenue aucune, pour compenser les carences d&rsquo;une maitrise des d\u00e9penses \u00e0 laquelle, malgr\u00e9 toutes ses promesses, il ne parvient toujours pas.<\/span><\/p>\n<p><span style=\"font-family: arial, helvetica, sans-serif;\">Post-Scriptum: m\u00eame s&rsquo;il s&rsquo;est efforc\u00e9 de retranscrire le plus fid\u00e8lement possible la teneur des d\u00e9bats, il est entendu que, malgr\u00e9 les efforts conjoints de ses deux r\u00e9dacteurs, le compte-rendu ci-dessus ne peut pr\u00e9tendre r\u00e9sumer en moins de 7 pages la teneur exhaustive de trois heures de d\u00e9bats extr\u00eamement riches. Par contre, il restitue fid\u00e8lement les points essentiels d&rsquo;une r\u00e9union qui, sans le moindre temps d&rsquo;observation, s&rsquo;est imm\u00e9diatement attach\u00e9e \u00e0 cerner le plus pr\u00e9cis\u00e9ment possible l&rsquo;ensemble de la probl\u00e9matique des retrait\u00e9s.<\/span><\/p>\n<p><span style=\"font-family: arial, helvetica, sans-serif;\">Cette r\u00e9union a \u00e9t\u00e9 pr\u00e9sid\u00e9e par :<\/span><\/p>\n<p><span style=\"font-family: arial, helvetica, sans-serif;\">Monsieur Jean LASSALLE, D\u00e9put\u00e9 des Pyr\u00e9n\u00e9es-Atlantiques,<\/span><br \/>\n<span style=\"font-family: arial, helvetica, sans-serif;\">Monsieur Guy BISIN, Pr\u00e9sident et fondateur de l\u2019association \u00ab\u00a0Retrait\u00e9s Agir Ensemble\u00a0\u00bb,<\/span><br \/>\n<span style=\"font-family: arial, helvetica, sans-serif;\">Monsieur Thierry BENNE, en qualit\u00e9 de retrait\u00e9-expert.<\/span><\/p>\n<p><span style=\"font-family: arial, helvetica, sans-serif;\">Elle a permis de r\u00e9unir les pr\u00e9sidents ou repr\u00e9sentants des 21 Conf\u00e9d\u00e9rations, F\u00e9d\u00e9rations et Associations Nationales, qui ont particip\u00e9 ou ont \u00e9t\u00e9 repr\u00e9sent\u00e9es \u00e0 la r\u00e9union du 18 avril 2019 \u00e0 l \u2018Assembl\u00e9e Nationale, \u00e9num\u00e9r\u00e9es ci-dessous:<\/span><\/p>\n<p><span style=\"font-family: arial, helvetica, sans-serif;\">CFR Conf\u00e9d\u00e9ration Fran\u00e7aise des Retrait\u00e9s<\/span><br \/>\n<span style=\"font-family: arial, helvetica, sans-serif;\">ANR Association Nationale des Retrait\u00e9s<\/span><br \/>\n<span style=\"font-family: arial, helvetica, sans-serif;\">GENERATION MOUVEMENT F\u00e9d\u00e9ration Nationale<\/span><br \/>\n<span style=\"font-family: arial, helvetica, sans-serif;\">FNAR F\u00e9d\u00e9ration Nationale des Associations des Retrait\u00e9s<\/span><br \/>\n<span style=\"font-family: arial, helvetica, sans-serif;\">UFR Union Fran\u00e7aise des Retrait\u00e9s<\/span><br \/>\n<span style=\"font-family: arial, helvetica, sans-serif;\">CNR Conf\u00e9d\u00e9ration Nationale des Retrait\u00e9s<\/span><br \/>\n<span style=\"font-family: arial, helvetica, sans-serif;\">CNRPL Conf\u00e9d\u00e9ration Nationale des Retrait\u00e9s Professions lib\u00e9rales<\/span><br \/>\n<span style=\"font-family: arial, helvetica, sans-serif;\">UNRPA Union Nationale des Retrait\u00e9s et des Personnes Ag\u00e9es<\/span><br \/>\n<span style=\"font-family: arial, helvetica, sans-serif;\">Union des Retrait\u00e9s du Cr\u00e9dit Lyonnais<\/span><br \/>\n<span style=\"font-family: arial, helvetica, sans-serif;\">URCL Ile de France Union des Retrait\u00e9s du Cr\u00e9dit Lyonnais Ile de France<\/span><br \/>\n<span style=\"font-family: arial, helvetica, sans-serif;\">Association Old UP<\/span><br \/>\n<span style=\"font-family: arial, helvetica, sans-serif;\">URNP Union des Retrait\u00e9s de la Police Nationale<\/span><br \/>\n<span style=\"font-family: arial, helvetica, sans-serif;\">ANHR Association Nationale des Hospitaliers Retrait\u00e9s<\/span><br \/>\n<span style=\"font-family: arial, helvetica, sans-serif;\">ANHR Bordeaux<\/span><br \/>\n<span style=\"font-family: arial, helvetica, sans-serif;\">ANRPO Association Nationale des Retrait\u00e9s de la Poste et d\u2019Orange<\/span><br \/>\n<span style=\"font-family: arial, helvetica, sans-serif;\">FGRFP F\u00e9d\u00e9ration G\u00e9n\u00e9rale des Retrait\u00e9s de la Fonction Publique<\/span><br \/>\n<span style=\"font-family: arial, helvetica, sans-serif;\">ANRAF Association Nationale des Retrait\u00e9s Agricoles de France<\/span><br \/>\n<span style=\"font-family: arial, helvetica, sans-serif;\">ANOCR Association nationale des officiers de carri\u00e8re en retraite,<\/span><br \/>\n<span style=\"font-family: arial, helvetica, sans-serif;\">des veuves, veufs et orphelins d&rsquo;officiers<\/span><br \/>\n<span style=\"font-family: arial, helvetica, sans-serif;\">AOM Association des officiers de la marine<\/span><br \/>\n<span style=\"font-family: arial, helvetica, sans-serif;\">FNRG F\u00e9d\u00e9ration nationale des retrait\u00e9s de la gendarmerie<\/span><br \/>\n<span style=\"font-family: arial, helvetica, sans-serif;\">UNPRG Union nationale du personnel en retraite de la gendarmerie<\/span><\/p>\n<p><span style=\"font-family: arial, helvetica, sans-serif;\">Liste des 17 Conf\u00e9d\u00e9rations, F\u00e9d\u00e9rations et Associations Nationales n\u2019ayant pas particip\u00e9 \u00e0 la r\u00e9union du 18 avril 2019 \u00e0 l \u2018Assembl\u00e9e Nationale mais dont certaines ont adress\u00e9 leurs dol\u00e9ances et leurs v\u0153ux dans le cadre de cette r\u00e9union-d\u00e9bat.<\/span><\/p>\n<p><span style=\"font-family: arial, helvetica, sans-serif;\">FNAR F\u00e9d\u00e9ration Nationale des Associations des Retrait\u00e9s<\/span><br \/>\n<span style=\"font-family: arial, helvetica, sans-serif;\">UFR Union Fran\u00e7aise des Retrait\u00e9s<\/span><br \/>\n<span style=\"font-family: arial, helvetica, sans-serif;\">UNAPL Union Nationale des Professions Lib\u00e9rales<\/span><br \/>\n<span style=\"font-family: arial, helvetica, sans-serif;\">UFRB Union F\u00e9d\u00e9rale des Retrait\u00e9s des Banques<\/span><br \/>\n<span style=\"font-family: arial, helvetica, sans-serif;\">Association JUBILACION<\/span><br \/>\n<span style=\"font-family: arial, helvetica, sans-serif;\">Sauvegarde Retraites<\/span><br \/>\n<span style=\"font-family: arial, helvetica, sans-serif;\">ANRP Association Nationale des Retrait\u00e9s de la Police<\/span><br \/>\n<span style=\"font-family: arial, helvetica, sans-serif;\">CNRM Conf\u00e9d\u00e9ration des Retrait\u00e9s Militaires Veuves de Militaire de Carri\u00e8re<\/span><br \/>\n<span style=\"font-family: arial, helvetica, sans-serif;\">CNR Conf\u00e9d\u00e9ration Nationale des Retrait\u00e9s<\/span><br \/>\n<span style=\"font-family: arial, helvetica, sans-serif;\">ARPA Association des Retrait\u00e9s de Production Agricoles et Alimentaire<\/span><br \/>\n<span style=\"font-family: arial, helvetica, sans-serif;\">Association des Retrait\u00e9s de la FNSEA<\/span><br \/>\n<span style=\"font-family: arial, helvetica, sans-serif;\">FNSEA Section Nationale des anciens exploitants<\/span><br \/>\n<span style=\"font-family: arial, helvetica, sans-serif;\">FNOM F\u00e9d\u00e9ration nationale des officiers mariniers, quartiers ma\u00eetres en retraite et veuves<\/span><br \/>\n<span style=\"font-family: arial, helvetica, sans-serif;\">UNSOR Union nationale des sous-officiers en retraite<\/span><br \/>\n<span style=\"font-family: arial, helvetica, sans-serif;\">FNAROPA F\u00e9d\u00e9ration Nationale des Associations de Retrait\u00e9s d&rsquo;Entreprises et d&rsquo;Organismes Professionnels Agricoles et Agro-Alimentaires<\/span><br \/>\n<span style=\"font-family: arial, helvetica, sans-serif;\">AREMAE Association des Retrait\u00e9s du Minist\u00e8re de l\u2019Europe des Affaires Etrang\u00e8res<\/span><br \/>\n<span style=\"font-family: arial, helvetica, sans-serif;\">ANPR Association Nationale des Pharmaciens Retrait\u00e9s<\/span><br \/>\n<span style=\"font-family: arial, helvetica, sans-serif;\">ALR Association Libert\u00e9 Retraite de la Banque Postale<\/span><\/p>\n<p><span style=\"font-family: arial, helvetica, sans-serif;\">Signataires du rapport :<\/span><\/p>\n<p><span style=\"font-family: arial, helvetica, sans-serif;\">Guy BISIN Thierry BENNE<\/span><br \/>\n<span style=\"font-family: arial, helvetica, sans-serif;\">Pr\u00e9sident-fondateur Retrait\u00e9-Expert<\/span><br \/>\n<span style=\"font-family: arial, helvetica, sans-serif;\">de l\u2019Association<\/span><br \/>\n<span style=\"font-family: arial, helvetica, sans-serif;\">\u00ab\u00a0Retrait\u00e9s Agir Ensemble\u00a0\u00bb<\/span><\/p>\n<p><span style=\"font-family: arial, helvetica, sans-serif;\">Pr\u00e9sidents et repr\u00e9sentants<\/span><br \/>\n<span style=\"font-family: arial, helvetica, sans-serif;\">des Conf\u00e9d\u00e9rations, F\u00e9d\u00e9rations,<\/span><br \/>\n<span style=\"font-family: arial, helvetica, sans-serif;\">Associations Nationales de retrait\u00e9s,<\/span><br \/>\n<span style=\"font-family: arial, helvetica, sans-serif;\">conjoints de retrait\u00e9s et personnes \u00e2g\u00e9es<\/span><\/p>\n<p><span style=\"font-family: arial, helvetica, sans-serif;\">PS : une seconde r\u00e9union est pr\u00e9vue le 13 Juin 2019.<\/span><\/p>\n","protected":false},"excerpt":{"rendered":"<p>R\u00c9UNION DU 18 AVRIL 2019 \u00c0 L&rsquo;ASSEMBL\u00c9E NATIONALE RETRAITES ET RETRAIT\u00c9S: RAPPORT DE SYNTHESE Objet : Compte rendu de la r\u00e9union des Pr\u00e9sidents des Conf\u00e9d\u00e9rations, F\u00e9d\u00e9rations, Unions et Associations nationales de retrait\u00e9s, le 18 avril 2019 \u00e0 l\u2019Assembl\u00e9e Nationale A l\u2019initiative des Pr\u00e9sidents des Conf\u00e9d\u00e9rations, des Unions, des F\u00e9d\u00e9rations et des Associations de Retrait\u00e9s et [&hellip;]<\/p>\n","protected":false},"author":1,"featured_media":0,"comment_status":"closed","ping_status":"closed","sticky":false,"template":"","format":"standard","meta":{"footnotes":""},"categories":[1],"tags":[],"class_list":["post-852","post","type-post","status-publish","format-standard","hentry","category-divers"],"_links":{"self":[{"href":"http:\/\/www.unrp-sites.com\/F10A\/wp-json\/wp\/v2\/posts\/852","targetHints":{"allow":["GET"]}}],"collection":[{"href":"http:\/\/www.unrp-sites.com\/F10A\/wp-json\/wp\/v2\/posts"}],"about":[{"href":"http:\/\/www.unrp-sites.com\/F10A\/wp-json\/wp\/v2\/types\/post"}],"author":[{"embeddable":true,"href":"http:\/\/www.unrp-sites.com\/F10A\/wp-json\/wp\/v2\/users\/1"}],"replies":[{"embeddable":true,"href":"http:\/\/www.unrp-sites.com\/F10A\/wp-json\/wp\/v2\/comments?post=852"}],"version-history":[{"count":0,"href":"http:\/\/www.unrp-sites.com\/F10A\/wp-json\/wp\/v2\/posts\/852\/revisions"}],"wp:attachment":[{"href":"http:\/\/www.unrp-sites.com\/F10A\/wp-json\/wp\/v2\/media?parent=852"}],"wp:term":[{"taxonomy":"category","embeddable":true,"href":"http:\/\/www.unrp-sites.com\/F10A\/wp-json\/wp\/v2\/categories?post=852"},{"taxonomy":"post_tag","embeddable":true,"href":"http:\/\/www.unrp-sites.com\/F10A\/wp-json\/wp\/v2\/tags?post=852"}],"curies":[{"name":"wp","href":"https:\/\/api.w.org\/{rel}","templated":true}]}}