{"id":834,"date":"2019-01-18T08:50:59","date_gmt":"2019-01-18T10:50:59","guid":{"rendered":"http:\/\/www.unrp-sites.com\/F10A\/?p=834"},"modified":"2019-03-05T11:28:43","modified_gmt":"2019-03-05T13:28:43","slug":"journee-revendicative-du-31-janvier-2019","status":"publish","type":"post","link":"http:\/\/www.unrp-sites.com\/F10A\/journee-revendicative-du-31-janvier-2019\/","title":{"rendered":"<center>Journ\u00e9e revendicative du 31 janvier 2019<\/center>"},"content":{"rendered":"<p style=\"text-align: center;\"><span style=\"font-family: arial, helvetica, sans-serif;\"><strong><em><u>COMMUNIQUE AUX SECTIONS SUR LA JOURNEE REVENDICATIVE<\/u><\/em><\/strong><\/span><\/p>\n<p style=\"text-align: center;\"><span style=\"font-family: arial, helvetica, sans-serif;\"><strong><em><u>Du 31 Janvier 2019<\/u><\/em><\/strong><\/span><\/p>\n<p><span style=\"font-family: arial, helvetica, sans-serif;\">\u00a0Lors de mes pr\u00e9c\u00e9dentes informations, je vous avertissais que l\u2019UNRP s\u2019associerait, avec le P\u00f4le des Retraites de la Fonction Publique, \u00e0 une journ\u00e9e d\u2019action en faveur des Retrait\u00e9s, le Jeudi 31 Janvier 2019 dans toute la France.<\/span><\/p>\n<p><span style=\"font-family: arial, helvetica, sans-serif;\">Nous vous confirmons cette d\u00e9cision car nous pensons qu\u2019il ne faut pas rel\u00e2cher la pression sur le gouvernement quant \u00e0 la d\u00e9cision injuste de non indexation de nos pensions sur le co\u00fbt de la vie et le non retrait de la hausse de la CSG <strong>pour tous les retrait\u00e9s<\/strong>.<\/span><\/p>\n<p><span style=\"font-family: arial, helvetica, sans-serif;\">L\u2019UNSA RETRAITES a pr\u00e9f\u00e9r\u00e9 pr\u00f4ner l\u2019apaisement en ces temps actuels et invite ses militants \u00e0 participer au d\u00e9bat national, au travers des r\u00e9unions locales, d\u00e9partementales ou r\u00e9gionales.<\/span><\/p>\n<p><span style=\"font-family: arial, helvetica, sans-serif;\">Nous vous invitons \u00e9galement, ainsi que vos adh\u00e9rents, \u00e0 participer \u00e0 ce d\u00e9bat national pour y faire entendre vos opinions et les revendications primordiales de l\u2019UNRP pr\u00e9cis\u00e9es ci-dessus.<\/span><\/p>\n<p><span style=\"font-family: arial, helvetica, sans-serif;\">Nous vous donnerons, d\u00e8s notre connaissance, les lieux et heures des rassemblements.<\/span><\/p>\n<p><span style=\"font-family: arial, helvetica, sans-serif;\">Avec toute ma cordiale sympathie.<\/span><\/p>\n<p style=\"text-align: right;\"><span style=\"font-family: arial, helvetica, sans-serif;\">Philippe MOU\u00cb<\/span><\/p>\n<p style=\"text-align: right;\"><span style=\"font-family: arial, helvetica, sans-serif;\">Pr\u00e9sident UNRP<\/span><\/p>\n<p>&nbsp;<\/p>\n<h6 style=\"text-align: center;\"><span style=\"font-family: arial, helvetica, sans-serif;\">(Ce communiqu\u00e9 est \u00e0 transmettre \u00e9galement \u00e0 tous vos adh\u00e9rents)<\/span><\/h6>\n","protected":false},"excerpt":{"rendered":"<p>COMMUNIQUE AUX SECTIONS SUR LA JOURNEE REVENDICATIVE Du 31 Janvier 2019 \u00a0Lors de mes pr\u00e9c\u00e9dentes informations, je vous avertissais que l\u2019UNRP s\u2019associerait, avec le P\u00f4le des Retraites de la Fonction Publique, \u00e0 une journ\u00e9e d\u2019action en faveur des Retrait\u00e9s, le Jeudi 31 Janvier 2019 dans toute la France. Nous vous confirmons cette d\u00e9cision car nous [&hellip;]<\/p>\n","protected":false},"author":1,"featured_media":0,"comment_status":"closed","ping_status":"closed","sticky":false,"template":"","format":"standard","meta":{"footnotes":""},"categories":[1],"tags":[],"class_list":["post-834","post","type-post","status-publish","format-standard","hentry","category-divers"],"_links":{"self":[{"href":"http:\/\/www.unrp-sites.com\/F10A\/wp-json\/wp\/v2\/posts\/834","targetHints":{"allow":["GET"]}}],"collection":[{"href":"http:\/\/www.unrp-sites.com\/F10A\/wp-json\/wp\/v2\/posts"}],"about":[{"href":"http:\/\/www.unrp-sites.com\/F10A\/wp-json\/wp\/v2\/types\/post"}],"author":[{"embeddable":true,"href":"http:\/\/www.unrp-sites.com\/F10A\/wp-json\/wp\/v2\/users\/1"}],"replies":[{"embeddable":true,"href":"http:\/\/www.unrp-sites.com\/F10A\/wp-json\/wp\/v2\/comments?post=834"}],"version-history":[{"count":0,"href":"http:\/\/www.unrp-sites.com\/F10A\/wp-json\/wp\/v2\/posts\/834\/revisions"}],"wp:attachment":[{"href":"http:\/\/www.unrp-sites.com\/F10A\/wp-json\/wp\/v2\/media?parent=834"}],"wp:term":[{"taxonomy":"category","embeddable":true,"href":"http:\/\/www.unrp-sites.com\/F10A\/wp-json\/wp\/v2\/categories?post=834"},{"taxonomy":"post_tag","embeddable":true,"href":"http:\/\/www.unrp-sites.com\/F10A\/wp-json\/wp\/v2\/tags?post=834"}],"curies":[{"name":"wp","href":"https:\/\/api.w.org\/{rel}","templated":true}]}}