{"id":683,"date":"2018-11-06T08:16:27","date_gmt":"2018-11-06T07:16:27","guid":{"rendered":"http:\/\/www.unrp-sites.com\/F10A\/?p=683"},"modified":"2018-12-20T07:00:45","modified_gmt":"2018-12-20T09:00:45","slug":"assemblee-generale-annuelle-2018-de-la-section-de-blois","status":"publish","type":"post","link":"http:\/\/www.unrp-sites.com\/F10A\/assemblee-generale-annuelle-2018-de-la-section-de-blois\/","title":{"rendered":"<center>Assembl\u00e9e g\u00e9n\u00e9rale annuelle 2018 de la section de Blois<\/center>"},"content":{"rendered":"<p style=\"text-align: left;\"><span style=\"font-family: arial, helvetica, sans-serif;\">Chers amis,<\/span><\/p>\n<p style=\"text-align: left;\"><span style=\"font-family: arial, helvetica, sans-serif;\">Le beaujolais nouveau arrive et nous profitons de ce traditionnel \u00e9v\u00e8nement pour vous convier \u00e0 notre assembl\u00e9e g\u00e9n\u00e9rale le Jeudi 29 Novembre 2018 \u00e0 l\u2019Auberge du Moulin 12 rue des Ponts St Michel \u00e0 ST-GERVAIS LA FORET 41350 \u00e0 <strong><span style=\"color: #000000;\">10 heures 45<\/span>.<\/strong><\/span><br \/>\n<span style=\"font-family: arial, helvetica, sans-serif;\">Cette r\u00e9union sera suivi d\u2019un repas en commun (15\u20ac) Le bureau prend \u00e0 sa charge la d\u00e9gustation du Beaujolais. Ap\u00e9ritif, entr\u00e9e, plat, fromage, dessert, caf\u00e9.<\/span><br \/>\n<span style=\"font-family: arial, helvetica, sans-serif;\">Je rappelle que la cotisation annuelle 2018 est identique \u00e0 celle de 2017 soit 44 \u20ac pour les adh\u00e9rents et 22 \u20ac pour les veuves. Il reste un certain nombre de cotisations dues, notre ami tr\u00e9sorier, G\u00e9rard GATINE 19 rue Jean Monnet 41000 BLOIS <\/span><\/p>\n<p style=\"text-align: left;\"><strong><span style=\"font-family: arial, helvetica, sans-serif;\">T\u00e9l : 02.54.43.46.28 est \u00e0 votre disposition.<\/span><\/strong><\/p>\n<p><!--more--><\/p>\n<p style=\"text-align: left;\"><span style=\"font-family: arial, helvetica, sans-serif;\">Comme vous le constatez chaque jour un peu plus les retrait\u00e9s sont lourdement mis \u00e0 contribution depuis plusieurs ann\u00e9es. Apr\u00e8s la suppression de la \u00bd part pour les veuves ou veufs, la fiscalisation de la majoration pour enfants, la C.S.G, le gel des pensions, le report d\u2019un an c\u2019est maintenant la non-indexation de nos retraites sur l\u2019inflation qui est repartie \u00e0 la hausse. Toutes ces mesures \u00e9rodent toujours plus notre pouvoir d\u2019achat mais je crois que la finalit\u00e9 c\u2019est de pr\u00e9parer les futures g\u00e9n\u00e9rations \u00e0 devoir se satisfaire de pensions amput\u00e9es, certains parlent de pr\u00e8s de 40 %.<\/span><br \/>\n<span style=\"font-family: arial, helvetica, sans-serif;\">Nous avons particip\u00e9 \u00e0 de nombreuses actions aux cot\u00e9s de nos partenaires du P\u00f4le des retrait\u00e9s de la F.P. mais \u00e9galement des organisations syndicales.<\/span><br \/>\n<span style=\"font-family: arial, helvetica, sans-serif;\">Il n\u2019est pas exclu que la r\u00e9forme des retraites en cours si elle n\u2019impactera pas les pensions liquid\u00e9es, pourrait avoir un impact sur les pensions de r\u00e9version non liquid\u00e9es. Il y a un flou, des d\u00e9clarations confuses et quand il y a du flou, il y a un loup.<\/span><br \/>\n<span style=\"font-family: arial, helvetica, sans-serif;\">Nous nous devons de rester vigilants et de continuer la mobilisation pour d\u00e9fendre nos int\u00e9r\u00eats.<\/span><br \/>\n<span style=\"font-family: arial, helvetica, sans-serif;\">J\u2019appelle d\u2019autre part votre attention sur les prestations d\u00e9pendances auxquelles certains d\u2019entre vous pourraient avoir droit d\u00e8s lors qu\u2019ils b\u00e9n\u00e9ficient de l\u2019APA (aide personnalis\u00e9e \u00e0 l\u2019autonomie), mais \u00e9galement la possibilit\u00e9 de pr\u00e9tendre \u00e0 des heures d\u2019aide-m\u00e9nag\u00e8re en sortie d\u2019hospitalisation.<\/span><br \/>\n<span style=\"font-family: arial, helvetica, sans-serif;\">Je reste \u00e0 votre disposition pour vous renseigner et vous aider dans les d\u00e9marches, je suis joignable au 02.54.20.39.29 ou 06.23.44.86.40<\/span><br \/>\n<span style=\"font-family: arial, helvetica, sans-serif;\">Rendez-vous donc le 29 Novembre<\/span><!--more--><\/p>\n<p><span style=\"font-family: arial, helvetica, sans-serif;\">Blois le 4\/11 <\/span><\/p>\n<p style=\"text-align: right;\"><span style=\"font-family: arial, helvetica, sans-serif;\">Le Pr\u00e9sident<\/span><br \/>\n<span style=\"font-family: arial, helvetica, sans-serif;\">Marc PALLUAUD<\/span><\/p>\n","protected":false},"excerpt":{"rendered":"<p>Chers amis, Le beaujolais nouveau arrive et nous profitons de ce traditionnel \u00e9v\u00e8nement pour vous convier \u00e0 notre assembl\u00e9e g\u00e9n\u00e9rale le Jeudi 29 Novembre 2018 \u00e0 l\u2019Auberge du Moulin 12 rue des Ponts St Michel \u00e0 ST-GERVAIS LA FORET 41350 \u00e0 10 heures 45. Cette r\u00e9union sera suivi d\u2019un repas en commun (15\u20ac) Le bureau [&hellip;]<\/p>\n","protected":false},"author":1,"featured_media":0,"comment_status":"closed","ping_status":"closed","sticky":false,"template":"","format":"standard","meta":{"footnotes":""},"categories":[1],"tags":[],"class_list":["post-683","post","type-post","status-publish","format-standard","hentry","category-divers"],"_links":{"self":[{"href":"http:\/\/www.unrp-sites.com\/F10A\/wp-json\/wp\/v2\/posts\/683","targetHints":{"allow":["GET"]}}],"collection":[{"href":"http:\/\/www.unrp-sites.com\/F10A\/wp-json\/wp\/v2\/posts"}],"about":[{"href":"http:\/\/www.unrp-sites.com\/F10A\/wp-json\/wp\/v2\/types\/post"}],"author":[{"embeddable":true,"href":"http:\/\/www.unrp-sites.com\/F10A\/wp-json\/wp\/v2\/users\/1"}],"replies":[{"embeddable":true,"href":"http:\/\/www.unrp-sites.com\/F10A\/wp-json\/wp\/v2\/comments?post=683"}],"version-history":[{"count":0,"href":"http:\/\/www.unrp-sites.com\/F10A\/wp-json\/wp\/v2\/posts\/683\/revisions"}],"wp:attachment":[{"href":"http:\/\/www.unrp-sites.com\/F10A\/wp-json\/wp\/v2\/media?parent=683"}],"wp:term":[{"taxonomy":"category","embeddable":true,"href":"http:\/\/www.unrp-sites.com\/F10A\/wp-json\/wp\/v2\/categories?post=683"},{"taxonomy":"post_tag","embeddable":true,"href":"http:\/\/www.unrp-sites.com\/F10A\/wp-json\/wp\/v2\/tags?post=683"}],"curies":[{"name":"wp","href":"https:\/\/api.w.org\/{rel}","templated":true}]}}