{"id":333,"date":"2017-05-21T09:38:56","date_gmt":"2017-05-21T08:38:56","guid":{"rendered":"http:\/\/www.unrp-sites.com\/F10A\/?p=333"},"modified":"2018-04-13T08:57:02","modified_gmt":"2018-04-13T07:57:02","slug":"mon-deuxieme-article","status":"publish","type":"post","link":"http:\/\/www.unrp-sites.com\/F10A\/mon-deuxieme-article\/","title":{"rendered":"<center>La langue de bois<\/center>"},"content":{"rendered":"<div class=\"centre\">\n<div id=\"TheTexte\" class=\"Texte\" lang=\"fr\">\n<p><strong><span style=\"font-family: arial,helvetica,sans-serif;\">Mesdames, messieurs, l&rsquo;aspiration plus que l\u00e9gitime de chacun au progr\u00e8s social doit prendre en compte les pr\u00e9occupations de la population de base dans l&rsquo;\u00e9laboration d&rsquo;un programme plus humain, plus fraternel et plus juste.<\/span><\/strong><\/p>\n<p><strong><span style=\"font-family: arial,helvetica,sans-serif;\">La libert\u00e9 ne tiens qu&rsquo;\u00e0 un fil et c&rsquo;est pourquoi je tiens \u00e0 vous dire que la prise de conscience de nos dirigeants entra\u00eene une mission somme toute des plus exaltantes pour moi : l&rsquo;\u00e9laboration de solutions rapides correspondant aux grands axes sociaux prioritaires.<\/span><\/strong><\/p>\n<p><strong><span style=\"font-family: arial,helvetica,sans-serif;\">Tr\u00e8s chers coll\u00e8gues, vous le savez et je vous le redit que l&rsquo;effort prioritaire en faveur du statut pr\u00e9caire des exclus nous assure \u00e0 toutes et \u00e0 tous les moyens d&rsquo;aller dans le sens d&rsquo;un processus allant vers plus d&rsquo;\u00e9galit\u00e9.<\/span><\/strong><\/p>\n<\/div>\n<\/div>\n","protected":false},"excerpt":{"rendered":"<p>Mesdames, messieurs, l&rsquo;aspiration plus que l\u00e9gitime de chacun au progr\u00e8s social doit prendre en compte les pr\u00e9occupations de la population de base dans l&rsquo;\u00e9laboration d&rsquo;un programme plus humain, plus fraternel et plus juste. La libert\u00e9 ne tiens qu&rsquo;\u00e0 un fil et c&rsquo;est pourquoi je tiens \u00e0 vous dire que la prise de conscience de nos [&hellip;]<\/p>\n","protected":false},"author":1,"featured_media":0,"comment_status":"closed","ping_status":"closed","sticky":false,"template":"","format":"standard","meta":{"footnotes":""},"categories":[1],"tags":[],"class_list":["post-333","post","type-post","status-publish","format-standard","hentry","category-divers"],"_links":{"self":[{"href":"http:\/\/www.unrp-sites.com\/F10A\/wp-json\/wp\/v2\/posts\/333","targetHints":{"allow":["GET"]}}],"collection":[{"href":"http:\/\/www.unrp-sites.com\/F10A\/wp-json\/wp\/v2\/posts"}],"about":[{"href":"http:\/\/www.unrp-sites.com\/F10A\/wp-json\/wp\/v2\/types\/post"}],"author":[{"embeddable":true,"href":"http:\/\/www.unrp-sites.com\/F10A\/wp-json\/wp\/v2\/users\/1"}],"replies":[{"embeddable":true,"href":"http:\/\/www.unrp-sites.com\/F10A\/wp-json\/wp\/v2\/comments?post=333"}],"version-history":[{"count":0,"href":"http:\/\/www.unrp-sites.com\/F10A\/wp-json\/wp\/v2\/posts\/333\/revisions"}],"wp:attachment":[{"href":"http:\/\/www.unrp-sites.com\/F10A\/wp-json\/wp\/v2\/media?parent=333"}],"wp:term":[{"taxonomy":"category","embeddable":true,"href":"http:\/\/www.unrp-sites.com\/F10A\/wp-json\/wp\/v2\/categories?post=333"},{"taxonomy":"post_tag","embeddable":true,"href":"http:\/\/www.unrp-sites.com\/F10A\/wp-json\/wp\/v2\/tags?post=333"}],"curies":[{"name":"wp","href":"https:\/\/api.w.org\/{rel}","templated":true}]}}