{"id":187,"date":"2016-10-20T07:35:53","date_gmt":"2016-10-20T06:35:53","guid":{"rendered":"http:\/\/rguitard.free.fr\/?p=187"},"modified":"2017-09-19T19:10:24","modified_gmt":"2017-09-19T18:10:24","slug":"les-anaphores","status":"publish","type":"post","link":"http:\/\/www.unrp-sites.com\/F10A\/les-anaphores\/","title":{"rendered":"<center>La garde nationale<\/center>"},"content":{"rendered":"<div class=\"entry-content clearfix\">\n<p><span style=\"font-family: arial,helvetica,sans-serif;\"><b>D\u00e9cret n\u00b0 2016-1364 du 13 octobre 2016 relatif \u00e0 la garde nationale Jorf n\u00b0 0240 du 14 octobre 2016 \u2013 Texte n\u00b020.<\/b><\/span><\/p>\n<p><span style=\"font-family: arial,helvetica,sans-serif;\"><strong>Publics concern\u00e9s :<\/strong><\/span><\/p>\n<p><span style=\"font-family: arial,helvetica,sans-serif;\">Etats-majors, directions et services du minist\u00e8re de la d\u00e9fense et du minist\u00e8re de l\u2019int\u00e9rieur. Administrations.<\/span><\/p>\n<p><span style=\"font-family: arial,helvetica,sans-serif;\"><b>Objet :<\/b> cr\u00e9ation d\u2019une garde nationale.<\/span><\/p>\n<p><span style=\"font-family: arial,helvetica,sans-serif;\"><b>Entr\u00e9e en vigueur :<\/b> Le texte entre en vigueur le lendemain de sa publication.<\/span><br \/>\n<!--more--><br \/>\n<span style=\"font-family: arial,helvetica,sans-serif;\"><b>Notice\u00a0:<\/b> le d\u00e9cret porte cr\u00e9ation d\u2019une garde nationale, assur\u00e9e par les volontaires de la r\u00e9serve op\u00e9rationnelle des forces arm\u00e9es et des formations rattach\u00e9es relevant du ministre de la d\u00e9fense, de la r\u00e9serve op\u00e9rationnelle de la gendarmerie nationale et de la r\u00e9serve civile de la police nationale. Il d\u00e9finit par ailleurs l\u2019organisation et la composition des instances participant \u00e0 la gouvernance de la garde nationale.<\/span><\/p>\n<p><span style=\"font-family: arial,helvetica,sans-serif;\"><b>R\u00e9f\u00e9rences :<\/b> le d\u00e9cret peut \u00eatre consult\u00e9 sur le site <strong>http:\/\/www.legifrance.gouv.fr.<\/strong><\/span><\/p>\n<p><span style=\"font-family: arial,helvetica,sans-serif;\">Le Pr\u00e9sident de la R\u00e9publique, Sur le rapport du Premier ministre, du ministre de la d\u00e9fense et du ministre de l\u2019int\u00e9rieur,<\/span><\/p>\n<p><span style=\"font-family: arial,helvetica,sans-serif;\">Vu le code de la d\u00e9fense ;<\/span><\/p>\n<p><span style=\"font-family: arial,helvetica,sans-serif;\">Vu le code de la s\u00e9curit\u00e9 int\u00e9rieure ;<\/span><\/p>\n<p><span style=\"font-family: arial,helvetica,sans-serif;\">Le conseil des ministres entendu,<\/span><\/p>\n<p><span style=\"font-family: arial,helvetica,sans-serif;\"><b>D\u00e9cr\u00e8te :<\/b><\/span><\/p>\n<p><span style=\"font-family: arial,helvetica,sans-serif;\"><b>Chapitre I : La garde nationale<\/b><\/span><\/p>\n<p><span style=\"font-family: arial,helvetica,sans-serif;\"><b>Article 1<\/b><\/span><\/p>\n<p><span style=\"font-family: arial,helvetica,sans-serif;\">La garde nationale concourt, le cas \u00e9ch\u00e9ant par la force des armes, \u00e0 la d\u00e9fense de la patrie, \u00e0 la s\u00e9curit\u00e9 de la population et du territoire.<\/span><\/p>\n<p><span style=\"font-family: arial,helvetica,sans-serif;\"><b>Elle contribue aux missions :<\/b><\/span><\/p>\n<p><span style=\"font-family: arial,helvetica,sans-serif;\"><b>1\u00b0&gt;<\/b> Des forces arm\u00e9es et formations rattach\u00e9es relevant du ministre de la d\u00e9fense ;<\/span><\/p>\n<p><span style=\"font-family: arial,helvetica,sans-serif;\"><b>2\u00b0&gt;<\/b> De la gendarmerie nationale et\u00a0 de la police nationale relevant du ministre de l\u2019int\u00e9rieur.<\/span><\/p>\n<p><span style=\"font-family: arial,helvetica,sans-serif;\">La garde nationale est assur\u00e9e par les volontaires servant au titre d\u2019un contrat d\u2019engagement \u00e0 servir dans la r\u00e9serve op\u00e9rationnelle des forces arm\u00e9es et des formations rattach\u00e9es et les volontaires de la r\u00e9serve civile de la police nationale.<\/span><\/p>\n<p><span style=\"font-family: arial,helvetica,sans-serif;\"><b>Chapitre II : Le comit\u00e9 directeur de la garde nationale<\/b><\/span><\/p>\n<p><span style=\"font-family: arial,helvetica,sans-serif;\"><b>Article 2<\/b><\/span><\/p>\n<p><span style=\"font-family: arial,helvetica,sans-serif;\">Le comit\u00e9 directeur de la garde nationale contribue \u00e0 la d\u00e9finition des politiques conduites au titre de la garde nationale en termes de recrutement, d\u2019attractivit\u00e9, de d\u00e9veloppement de partenariats et de communication. La pr\u00e9paration et l\u2019emploi des forces rel\u00e8vent des pr\u00e9rogatives de chacune des cha\u00eenes op\u00e9rationnelles concern\u00e9es.<\/span><\/p>\n<p><span style=\"font-family: arial,helvetica,sans-serif;\"><b>Article 3<\/b><\/span><\/p>\n<p><span style=\"font-family: arial,helvetica,sans-serif;\">Ce comit\u00e9, pr\u00e9sid\u00e9 conjointement par le ministre de la d\u00e9fense et le ministre de l\u2019int\u00e9rieur, r\u00e9unit le chef d\u2019\u00e9tat-major des arm\u00e9es, le chef d\u2019\u00e9tat-major de l\u2019arm\u00e9e de terre, le chef d\u2019\u00e9tat-major de la marine, le chef d\u2019\u00e9tat-major de l\u2019arm\u00e9e de l\u2019air, le secr\u00e9taire g\u00e9n\u00e9ral pour l\u2019adminis-tration du minist\u00e8re de la d\u00e9fense, le secr\u00e9taire g\u00e9n\u00e9ral du minist\u00e8re de l\u2019int\u00e9rieur, le directeur g\u00e9n\u00e9ral de la police nationale et le directeur g\u00e9n\u00e9ral de la gendarmerie nationale.<\/span><\/p>\n<p><span style=\"font-family: arial,helvetica,sans-serif;\">Il se r\u00e9unit au moins une fois par an, sur convocation de ses pr\u00e9sidents.<\/span><\/p>\n<p><span style=\"font-family: arial,helvetica,sans-serif;\"><b>Chapitre III : Le comit\u00e9 de pilotage de la garde nationale<\/b><\/span><\/p>\n<p><span style=\"font-family: arial,helvetica,sans-serif;\"><b>Article 4<\/b><\/span><\/p>\n<p><span style=\"font-family: arial,helvetica,sans-serif;\">Le comit\u00e9 de pilotage de la garde\u00a0 nationale est charg\u00e9 de proposer les d\u00e9cisions relevant des comp\u00e9tences du comit\u00e9 directeur et d\u2019en suivre la mise en \u0153uvre.<\/span><\/p>\n<p><span style=\"font-family: arial,helvetica,sans-serif;\"><b>Article 5<\/b><\/span><\/p>\n<p><span style=\"font-family: arial,helvetica,sans-serif;\">Ce comit\u00e9, pr\u00e9sid\u00e9 par le secr\u00e9taire g\u00e9n\u00e9ral de la garde nationale, r\u00e9unit :<\/span><\/p>\n<p><span style=\"font-family: arial,helvetica,sans-serif;\"><b>1\u00b0&gt;<\/b> Pour le minist\u00e8re de la d\u00e9fense :<\/span><\/p>\n<p><span style=\"font-family: arial,helvetica,sans-serif;\">\u2013 les d\u00e9l\u00e9gu\u00e9s aux r\u00e9serves des forces arm\u00e9es et formations rattach\u00e9es relevant du ministre de la d\u00e9fense ;<\/span><\/p>\n<p><span style=\"font-family: arial,helvetica,sans-serif;\">\u2013 le directeur des ressources humaines du minist\u00e8re de la d\u00e9fense ou son repr\u00e9sentant;<\/span><\/p>\n<p><span style=\"font-family: arial,helvetica,sans-serif;\">\u2013 le directeur de la d\u00e9l\u00e9gation \u00e0 l\u2019information et \u00e0 la communication de la d\u00e9fense ou son repr\u00e9sentant ;<\/span><\/p>\n<p><span style=\"font-family: arial,helvetica,sans-serif;\"><b>2\u00b0&gt;<\/b> Pour le minist\u00e8re de l\u2019int\u00e9rieur :<\/span><\/p>\n<p><span style=\"font-family: arial,helvetica,sans-serif;\">\u2013 le d\u00e9l\u00e9gu\u00e9 aux r\u00e9serves de la gendarmerie nationale ;<\/span><\/p>\n<p><span style=\"font-family: arial,helvetica,sans-serif;\">\u2013 le directeur des personnels militaires de la gendarmerie nationale ou son repr\u00e9sentant ;<\/span><\/p>\n<p><span style=\"font-family: arial,helvetica,sans-serif;\">\u2013 le directeur des ressources et des comp\u00e9tences de la police nationale ou son repr\u00e9sentant ;<\/span><\/p>\n<p><span style=\"font-family: arial,helvetica,sans-serif;\">\u2013 le d\u00e9l\u00e9gu\u00e9 \u00e0 l\u2019information et \u00e0 la communication ou son repr\u00e9sentant.<\/span><\/p>\n<p><span style=\"font-family: arial,helvetica,sans-serif;\"><b>Chapitre IV : Le conseil consultatif de la garde nationale<\/b><\/span><\/p>\n<p><span style=\"font-family: arial,helvetica,sans-serif;\"><b>Article 6<\/b><\/span><\/p>\n<p><span style=\"font-family: arial,helvetica,sans-serif;\">Le conseil consultatif de la garde nationale est charg\u00e9 d\u2019\u00e9mettre des avis et des recommandations sur les politiques conduites au titre de la garde nationale, \u00e0 l\u2019exclusion de l\u2019emploi et de la pr\u00e9paration op\u00e9rationnels.<\/span><\/p>\n<p><span style=\"font-family: arial,helvetica,sans-serif;\"><b>Article 7<\/b><\/span><\/p>\n<p><span style=\"font-family: arial,helvetica,sans-serif;\">Outre les membres du comit\u00e9 de pilotage, il comprend :<\/span><\/p>\n<p><span style=\"font-family: arial,helvetica,sans-serif;\"><b>1\u00b0&gt;<\/b> Un d\u00e9put\u00e9, d\u00e9sign\u00e9 pour la dur\u00e9e de la l\u00e9gislature par le pr\u00e9sident de l\u2019Assembl\u00e9e nationale, et un s\u00e9nateur, d\u00e9sign\u00e9 apr\u00e8s chaque renouvellement partiel du S\u00e9nat par le pr\u00e9sident du S\u00e9nat ;<\/span><\/p>\n<p><span style=\"font-family: arial,helvetica,sans-serif;\"><b>2\u00b0&gt;<\/b> Quatre personnalit\u00e9s qualifi\u00e9es, nomm\u00e9es par arr\u00eat\u00e9 conjoint du ministre de la d\u00e9fense et du ministre de l\u2019int\u00e9rieur pour une dur\u00e9e de quatre ans renouvelable.<\/span><\/p>\n<p><span style=\"font-family: arial,helvetica,sans-serif;\">Il peut entendre toute personne dont la comp\u00e9tence est requise par l\u2019ordre du jour.<\/span><\/p>\n<p><span style=\"font-family: arial,helvetica,sans-serif;\">Il se r\u00e9unit au moins une fois par an, \u00e0 l\u2019initiative du secr\u00e9taire g\u00e9n\u00e9ral de la garde nationale.<\/span><\/p>\n<p><span style=\"font-family: arial,helvetica,sans-serif;\">En cas de d\u00e9c\u00e8s ou de d\u00e9mission de l\u2019un des membres vis\u00e9s aux 1\u00b0 et 2\u00b0, ou lorsque l\u2019un d\u2019eux cesse de remplir les conditions pour exercer les fonctions au titre desquelles il a \u00e9t\u00e9 nomm\u00e9, il est pourvu \u00e0 son remplacement dans les m\u00eames conditions pour la dur\u00e9e du mandat restant \u00e0 courir.<\/span><\/p>\n<p><span style=\"font-family: arial,helvetica,sans-serif;\"><b>Chapitre V : Le secr\u00e9tariat g\u00e9n\u00e9ral de la garde nationale<\/b><\/span><\/p>\n<p><span style=\"font-family: arial,helvetica,sans-serif;\"><b>Article 8<\/b><\/span><\/p>\n<p><span style=\"font-family: arial,helvetica,sans-serif;\">Le secr\u00e9tariat g\u00e9n\u00e9ral de la garde\u00a0 nationale constitue une instance permanente de la garde nationale. Il assure l\u2019organisation et le secr\u00e9tariat du comit\u00e9 directeur, du comit\u00e9 de pilotage et du conseil consultatif de la garde nationale.<\/span><\/p>\n<p><span style=\"font-family: arial,helvetica,sans-serif;\">Le ministre de la d\u00e9fense et le ministre de l\u2019int\u00e9rieur d\u00e9terminent conjointement les moyens n\u00e9cessaires \u00e0 son fonctionnement.<\/span><\/p>\n<p><span style=\"font-family: arial,helvetica,sans-serif;\"><b>Article 9<\/b><\/span><\/p>\n<p><span style=\"font-family: arial,helvetica,sans-serif;\">Le secr\u00e9tariat g\u00e9n\u00e9ral de la garde nationale est dirig\u00e9 par un secr\u00e9taire g\u00e9n\u00e9ral, plac\u00e9 sous l\u2019autorit\u00e9 conjointe des ministres de la d\u00e9fense et de l\u2019int\u00e9rieur.<\/span><\/p>\n<p><span style=\"font-family: arial,helvetica,sans-serif;\">Le secr\u00e9taire g\u00e9n\u00e9ral de la garde nationale est nomm\u00e9 pour deux ans par d\u00e9cret en conseil des ministres sur proposition conjointe des ministres de la d\u00e9fense et de l\u2019int\u00e9rieur.<\/span><\/p>\n<p><span style=\"font-family: arial,helvetica,sans-serif;\">Il pr\u00e9side le comit\u00e9 de pilotage de la garde nationale et le conseil consultatif. Il pr\u00e9pare leurs avis et recommandations et en suit la mise en \u0153uvre.<\/span><\/p>\n<p><span style=\"font-family: arial,helvetica,sans-serif;\">Il peut \u00eatre charg\u00e9 par le ministre de la d\u00e9fense et le ministre de l\u2019int\u00e9rieur de toute question relative \u00e0\u00a0 la garde nationale, \u00e0 l\u2019exclusion de l\u2019emploi et de la pr\u00e9paration op\u00e9rationnels.<\/span><\/p>\n<p><span style=\"font-family: arial,helvetica,sans-serif;\"><b>Chapitre VI : Dispositions finales<\/b><\/span><\/p>\n<p><span style=\"font-family: arial,helvetica,sans-serif;\"><b>Article 10<\/b><\/span><\/p>\n<p><span style=\"font-family: arial,helvetica,sans-serif;\">Les articles 1<sup>er<\/sup> \u00e0 9 du pr\u00e9sent d\u00e9cret peuvent \u00eatre modifi\u00e9s par d\u00e9cret.<\/span><\/p>\n<p><span style=\"font-family: arial,helvetica,sans-serif;\"><b>Article 11<\/b><\/span><\/p>\n<p><span style=\"font-family: arial,helvetica,sans-serif;\">Le Premier ministre, le ministre de la d\u00e9fense et le ministre de l\u2019int\u00e9rieur sont responsables, chacun en ce qui le concerne, de l\u2019application du pr\u00e9sent d\u00e9cret, qui sera publi\u00e9 au Journal officiel de la R\u00e9publique fran\u00e7aise.<\/span><\/p>\n<p><span style=\"font-family: arial,helvetica,sans-serif;\">Fait le 13 octobre 2016.<\/span><\/p>\n<p><span style=\"font-family: arial,helvetica,sans-serif;\">Fran\u00e7ois Hollande Pr\u00e9sident de la R\u00e9publique :<\/span><\/p>\n<p><span style=\"font-family: arial,helvetica,sans-serif;\">Le Premier ministre, Manuel Valls<\/span><\/p>\n<p><span style=\"font-family: arial,helvetica,sans-serif;\">Le ministre de la d\u00e9fense, Jean-Yves Le Drian<\/span><\/p>\n<p><span style=\"font-family: arial,helvetica,sans-serif;\">Le ministre de l\u2019int\u00e9rieur, Bernard Cazeneuve<\/span><\/p>\n<\/div>\n<p><!--more--><\/p>\n<p><!--more--><\/p>\n<p><!--more--><\/p>\n<p><!--more--><\/p>\n<p>&nbsp;<\/p>\n","protected":false},"excerpt":{"rendered":"<p>D\u00e9cret n\u00b0 2016-1364 du 13 octobre 2016 relatif \u00e0 la garde nationale Jorf n\u00b0 0240 du 14 octobre 2016 \u2013 Texte n\u00b020. Publics concern\u00e9s : Etats-majors, directions et services du minist\u00e8re de la d\u00e9fense et du minist\u00e8re de l\u2019int\u00e9rieur. Administrations. Objet : cr\u00e9ation d\u2019une garde nationale. Entr\u00e9e en vigueur : Le texte entre en vigueur [&hellip;]<\/p>\n","protected":false},"author":1,"featured_media":0,"comment_status":"open","ping_status":"open","sticky":false,"template":"","format":"standard","meta":{"footnotes":""},"categories":[1],"tags":[],"class_list":["post-187","post","type-post","status-publish","format-standard","hentry","category-divers"],"_links":{"self":[{"href":"http:\/\/www.unrp-sites.com\/F10A\/wp-json\/wp\/v2\/posts\/187","targetHints":{"allow":["GET"]}}],"collection":[{"href":"http:\/\/www.unrp-sites.com\/F10A\/wp-json\/wp\/v2\/posts"}],"about":[{"href":"http:\/\/www.unrp-sites.com\/F10A\/wp-json\/wp\/v2\/types\/post"}],"author":[{"embeddable":true,"href":"http:\/\/www.unrp-sites.com\/F10A\/wp-json\/wp\/v2\/users\/1"}],"replies":[{"embeddable":true,"href":"http:\/\/www.unrp-sites.com\/F10A\/wp-json\/wp\/v2\/comments?post=187"}],"version-history":[{"count":0,"href":"http:\/\/www.unrp-sites.com\/F10A\/wp-json\/wp\/v2\/posts\/187\/revisions"}],"wp:attachment":[{"href":"http:\/\/www.unrp-sites.com\/F10A\/wp-json\/wp\/v2\/media?parent=187"}],"wp:term":[{"taxonomy":"category","embeddable":true,"href":"http:\/\/www.unrp-sites.com\/F10A\/wp-json\/wp\/v2\/categories?post=187"},{"taxonomy":"post_tag","embeddable":true,"href":"http:\/\/www.unrp-sites.com\/F10A\/wp-json\/wp\/v2\/tags?post=187"}],"curies":[{"name":"wp","href":"https:\/\/api.w.org\/{rel}","templated":true}]}}