{"id":1234,"date":"2022-03-10T08:01:10","date_gmt":"2022-03-10T10:01:10","guid":{"rendered":"http:\/\/www.unrp-sites.com\/F10A\/?p=1234"},"modified":"2022-03-10T08:14:17","modified_gmt":"2022-03-10T10:14:17","slug":"assemblee-generale-2","status":"publish","type":"post","link":"http:\/\/www.unrp-sites.com\/F10A\/assemblee-generale-2\/","title":{"rendered":"<center>Assembl\u00e9e g\u00e9n\u00e9rale.<\/center>"},"content":{"rendered":"<p><span style=\"font-family: arial, helvetica, sans-serif; font-size: 20px;\"><a href=\"http:\/\/www.unrp-sites.com\/F10A\/wp-content\/uploads\/2022\/03\/Aube-Hte-Marne2.jpg\"><img loading=\"lazy\" decoding=\"async\" class=\"size-full wp-image-1240 alignleft\" src=\"http:\/\/www.unrp-sites.com\/F10A\/wp-content\/uploads\/2022\/03\/Aube-Hte-Marne2.jpg\" alt=\"\" width=\"300\" height=\"177\" \/><\/a>La section de l\u2019Aube et de la Haute-Marne a tenu sa 45<sup>\u00e8me<\/sup>\u00a0assembl\u00e9e g\u00e9n\u00e9rale le 27 novembre 2021 au restaurant \u00ab Au bois du bon s\u00e9jour \u00bb \u00e0 Pont-Sainte-Marie, dans l\u2019Aube. Les adh\u00e9rents \u00e9taient convi\u00e9s \u00e0 se r\u00e9unir \u00e0 10 h 30, le restaurateur ayant mis \u00e0 notre disposition une salle pour nos travaux.<\/span><\/p>\n<p><span style=\"font-family: arial, helvetica, sans-serif; font-size: 20px;\">Notre pr\u00e9sident Pierre Fr\u00e9my, apr\u00e8s avoir salu\u00e9 les 45 adh\u00e9rents pr\u00e9sents ou repr\u00e9sent\u00e9s, remercie chaleureusement Alain Th\u00e9venet, repr\u00e9sentant le bureau national, d\u2019avoir accept\u00e9 notre invitation. Merci \u00e9galement \u00e0 nos amis du p\u00f4le des retrait\u00e9s, Claude Marchal, vice-pr\u00e9sident national et pr\u00e9sident d\u00e9partemental de l\u2019Union nationale des personnels et retrait\u00e9s de la Gendarmerie, \u00e0 Brigitte Vinot, secr\u00e9taire d\u00e9partementale de la FGR-Fonction publique, et \u00e0 Patrick Raudin, pr\u00e9sident d\u00e9parte- mental de l\u2019ANR de La Poste et Orange, pour leur pr\u00e9sence. Il pr\u00e9cise que Sophie Genet-Eyrolles, DDSP de l\u2019Aube, \u00e9tant retenue par ses obligations, est excus\u00e9e et nous remercie de cette invitation. Un moment de recueillement est observ\u00e9 \u00e0 la m\u00e9moire de nos adh\u00e9rentes et adh\u00e9rents disparus ces deux derni\u00e8res ann\u00e9es ainsi qu\u2019en hommage \u00e0 nos coll\u00e8gues actifs d\u00e9c\u00e9d\u00e9s en service.<a href=\"http:\/\/www.unrp-sites.com\/F10A\/wp-content\/uploads\/2022\/03\/Aube-Hte-Marne1.jpg\"><img loading=\"lazy\" decoding=\"async\" class=\"size-full wp-image-1239 alignright\" src=\"http:\/\/www.unrp-sites.com\/F10A\/wp-content\/uploads\/2022\/03\/Aube-Hte-Marne1.jpg\" alt=\"\" width=\"300\" height=\"176\" \/><\/a><\/span><\/p>\n<p><span style=\"font-family: arial, helvetica, sans-serif; font-size: 20px;\">La situation sanitaire que la COVID-19 nous n\u2019ayant pas permis de nous r\u00e9unir en 2020, Pierre Fr\u00e9my annonce que notre pr\u00e9sence aujourd\u2019hui \u00e0 cette \u00ab\u00a0A.G. des retrouvailles\u00a0\u00bb va cumuler les deux ann\u00e9es \u00e9coul\u00e9es.<\/span><\/p>\n<p><span style=\"font-family: arial, helvetica, sans-serif; font-size: 20px;\">La fonction de pr\u00e9sident de s\u00e9ance est assur\u00e9e par Christian Tranchant.<\/span><\/p>\n<p>&nbsp;<\/p>\n<p><span style=\"font-family: arial, helvetica, sans-serif; font-size: 20px;\">Le secr\u00e9taire Pascal Marcilly proc\u00e8de \u00e0 la lecture du PV de l\u2019AG du 24 mars 2019. Mis au vote, celui-ci est adopt\u00e9 \u00e0 l\u2019unanimit\u00e9.<\/span><\/p>\n<p><span style=\"font-family: arial, helvetica, sans-serif; font-size: 20px;\">Puis c\u2019est au tour du pr\u00e9sident Pierre Fr\u00e9my d\u2019exposer son rapport moral et d\u2019activit\u00e9 dans lequel il pr\u00e9sente la vie de la section, les diff\u00e9rents points que sont les d\u00e9c\u00e8s, les d\u00e9missions et enfin les actions men\u00e9es envers les adh\u00e9rents. Ce rapport est adopt\u00e9 \u00e0 l\u2019unanimit\u00e9.<\/span><\/p>\n<p><span style=\"font-family: arial, helvetica, sans-serif; font-size: 20px;\">Pierre Fr\u00e9my informe alors l\u2019assembl\u00e9e qu\u2019il pr\u00e9sente sa d\u00e9mission de la pr\u00e9sidence mais reste administrateur de la section. Le prochain conseil d\u2019administration examinera l\u2019attitude \u00e0 adopter quant \u00e0 la poursuite des activit\u00e9s de la section y compris la d\u00e9signation d\u2019un nouveau pr\u00e9sident.<\/span><\/p>\n<p><span style=\"font-family: arial, helvetica, sans-serif; font-size: 20px;\">Le tr\u00e9sorier Guy Doussot lit le rapport financier. Dieudonn\u00e9 Fandart, rapporteur de la commission de contr\u00f4le des finances, proc\u00e8de \u00e0 la lecture du proc\u00e8s-verbal. Il nous avise qu\u2019en raison de la pand\u00e9mie de Covid-19, la commission a \u00e9t\u00e9 amen\u00e9e \u00e0 contr\u00f4ler les exercices 2019 et 2020.<\/span><\/p>\n<p><span style=\"font-family: arial, helvetica, sans-serif; font-size: 20px;\">La commission d\u00e9clare exacts les comptes pour ces deux ann\u00e9es. Mis au vote, le rapport financier est adopt\u00e9 \u00e0 l\u2019unanimit\u00e9.<\/span><\/p>\n<p><span style=\"font-family: arial, helvetica, sans-serif; font-size: 20px;\">Le pr\u00e9sident Fr\u00e9my donne la parole \u00e0 Alain Th\u00e9venet, secr\u00e9taire administratif du bureau national. Celui-ci nous remercie pour son invitation et nous fait part du soutien du bureau national. Il nous informe des n\u00e9gociations en cours et, comme nous, s\u2019inqui\u00e8te de la baisse du nombre d\u2019adh\u00e9rents. Nos trois invit\u00e9s du p\u00f4le des retrait\u00e9s \u00e9voquent \u00e9galement cette d\u00e9perdition au sein de leurs associations.<\/span><\/p>\n<p><span style=\"font-family: arial, helvetica, sans-serif; font-size: 20px;\">Puis le pr\u00e9sident proc\u00e8de en collaboration avec Alain Th\u00e9venet \u00e0 la remise de dipl\u00f4mes et m\u00e9dailles, d\u00e9cern\u00e9s \u00e0 des adh\u00e9rents en reconnaissance des services rendus \u00e0 l\u2019association.<\/span><\/p>\n<p><span style=\"font-family: arial, helvetica, sans-serif; font-size: 20px;\">Les travaux clos \u00e0 12 h 30, le pr\u00e9sident invite les participants \u00e0 passer \u00e0 table, un moment convivial tr\u00e8s appr\u00e9ci\u00e9 de tous en ces moments difficiles.<\/span><\/p>\n<p style=\"text-align: right;\"><span style=\"font-family: arial, helvetica, sans-serif; font-size: 20px;\">Le secr\u00e9taire,<\/span><\/p>\n<p style=\"text-align: right;\"><span style=\"font-family: arial, helvetica, sans-serif; font-size: 20px;\">Pascal Marcilly<\/span><\/p>\n","protected":false},"excerpt":{"rendered":"<p>La section de l\u2019Aube et de la Haute-Marne a tenu sa 45\u00e8me\u00a0assembl\u00e9e g\u00e9n\u00e9rale le 27 novembre 2021 au restaurant \u00ab Au bois du bon s\u00e9jour \u00bb \u00e0 Pont-Sainte-Marie, dans l\u2019Aube. Les adh\u00e9rents \u00e9taient convi\u00e9s \u00e0 se r\u00e9unir \u00e0 10 h 30, le restaurateur ayant mis \u00e0 notre disposition une salle pour nos travaux. Notre pr\u00e9sident [&hellip;]<\/p>\n","protected":false},"author":1,"featured_media":0,"comment_status":"closed","ping_status":"open","sticky":false,"template":"","format":"standard","meta":{"footnotes":""},"categories":[1],"tags":[],"class_list":["post-1234","post","type-post","status-publish","format-standard","hentry","category-divers"],"_links":{"self":[{"href":"http:\/\/www.unrp-sites.com\/F10A\/wp-json\/wp\/v2\/posts\/1234","targetHints":{"allow":["GET"]}}],"collection":[{"href":"http:\/\/www.unrp-sites.com\/F10A\/wp-json\/wp\/v2\/posts"}],"about":[{"href":"http:\/\/www.unrp-sites.com\/F10A\/wp-json\/wp\/v2\/types\/post"}],"author":[{"embeddable":true,"href":"http:\/\/www.unrp-sites.com\/F10A\/wp-json\/wp\/v2\/users\/1"}],"replies":[{"embeddable":true,"href":"http:\/\/www.unrp-sites.com\/F10A\/wp-json\/wp\/v2\/comments?post=1234"}],"version-history":[{"count":7,"href":"http:\/\/www.unrp-sites.com\/F10A\/wp-json\/wp\/v2\/posts\/1234\/revisions"}],"predecessor-version":[{"id":1243,"href":"http:\/\/www.unrp-sites.com\/F10A\/wp-json\/wp\/v2\/posts\/1234\/revisions\/1243"}],"wp:attachment":[{"href":"http:\/\/www.unrp-sites.com\/F10A\/wp-json\/wp\/v2\/media?parent=1234"}],"wp:term":[{"taxonomy":"category","embeddable":true,"href":"http:\/\/www.unrp-sites.com\/F10A\/wp-json\/wp\/v2\/categories?post=1234"},{"taxonomy":"post_tag","embeddable":true,"href":"http:\/\/www.unrp-sites.com\/F10A\/wp-json\/wp\/v2\/tags?post=1234"}],"curies":[{"name":"wp","href":"https:\/\/api.w.org\/{rel}","templated":true}]}}