{"id":1052,"date":"2020-06-22T09:07:34","date_gmt":"2020-06-22T11:07:34","guid":{"rendered":"http:\/\/www.unrp-sites.com\/F10A\/?p=1052"},"modified":"2020-12-02T11:26:29","modified_gmt":"2020-12-02T13:26:29","slug":"lettre-pour-les-adherents","status":"publish","type":"post","link":"http:\/\/www.unrp-sites.com\/F10A\/lettre-pour-les-adherents\/","title":{"rendered":"<center>Lettre pour les adh\u00e9rents<\/center>"},"content":{"rendered":"<p style=\"text-align: right;\"><span style=\"font-family: arial, helvetica, sans-serif; font-size: 24px;\">Huisseau-sur-Cosson le 21 Juin 2020<\/span><\/p>\n<p>&nbsp;<\/p>\n<p><span style=\"font-family: arial, helvetica, sans-serif; font-size: 24px;\">Bonjour \u00e0 toutes et tous<\/span><\/p>\n<p>&nbsp;<\/p>\n<p><span style=\"font-family: arial, helvetica, sans-serif; font-size: 24px;\">J\u2019esp\u00e8re que vous avez travers\u00e9 cette p\u00e9riode de confinement dans les meilleures conditions, m\u00eame si certaines mesures sont lev\u00e9es, il n\u2019en reste pas moins qu\u2019il convient de rester d\u2019une grande prudence, avec le port du masque lorsque la distanciation ne peut \u00eatre respect\u00e9e, et fr\u00e9quents lavages des mains notamment apr\u00e8s avoir pouss\u00e9 son chariot de courses.<\/span><\/p>\n<p><span style=\"font-family: arial, helvetica, sans-serif; font-size: 24px;\">Pendant cette p\u00e9riode l\u2019un des n\u00f4tres a \u00e9t\u00e9 victime de la Covid 19 en la personne de Jacques GIUDICELLI qui avait 80 ans, sa contamination a eu lieu en milieu hospitalier. Nous avons appris son d\u00e9c\u00e8s avec 2 mois de retard, je suis entr\u00e9 en contact avec son \u00e9pouse et lui ai pr\u00e9sent\u00e9 nos condol\u00e9ances et offert mes services pour les d\u00e9marches toujours assez compliqu\u00e9es lorsque le d\u00e9c\u00e8s est inattendu.<\/span><!--more--><\/p>\n<p><span style=\"font-family: arial, helvetica, sans-serif; font-size: 24px;\">Mais nous avons aussi eu \u00e0 d\u00e9plorer le d\u00e9c\u00e8s de notre doyen Ren\u00e9 MARQUENET, 106 ans, en F\u00e9vrier. Je suis r\u00e9guli\u00e8rement en contact avec son fils car l\u00e0 aussi les r\u00e8glements avec\u00a0 les organismes ne sont pas toujours faciles d\u2019autant que son \u00e9pouse a\u00a0 100 ans et qu\u2019elle est affect\u00e9e par le d\u00e9c\u00e8s mais aussi par sa pr\u00e9sence en EHPAD o\u00f9 les visites \u00e9taient suspendues.<\/span><!--more--><\/p>\n<p><span style=\"font-family: arial, helvetica, sans-serif; font-size: 24px;\">C\u2019est dans ces \u00e9preuves que l\u2019accompagnement \u00a0de notre association prend tout son sens.<\/span><\/p>\n<p><span style=\"font-family: arial, helvetica, sans-serif; font-size: 24px;\">Je ne suis pas en mesure de vous fixer une date pour notre assembl\u00e9e g\u00e9n\u00e9rale, les regroupements sont toujours encadr\u00e9s et nous sommes assimilables \u00e0 des personnes \u00e0 risque. Bien malin celui qui pourrait nous dire que la pand\u00e9mie ne reviendra pas, il existe encore des foyers \u00e9pars ici ou l\u00e0.<\/span><\/p>\n<p><span style=\"font-family: arial, helvetica, sans-serif; font-size: 24px;\">N\u00e9anmoins afin de faire vivre notre association, pour ceux qui n\u2019ont pas opt\u00e9 pour le pr\u00e9l\u00e8vement automatique, vous voudrez bien adresser \u00e0 notre tr\u00e9sorier G\u00e9rard GATINE\u00a0 19 rue Jean Monnet \u00e0 BLOIS\u00a0 t\u00e9l 06.62.48.46.28 votre cotisation d\u2019un montant de 45 \u20ac et 22.50 \u20ac pour les veuves.<\/span><\/p>\n<p><span style=\"font-family: arial, helvetica, sans-serif; font-size: 24px;\">On peut enfin recevoir la famille, depuis quelques semaines maintenant, je sais que cela a pes\u00e9 de ne pouvoir voir ses enfants ou petits-enfants et puis nous allons pouvoir partir en vacances, s\u2019exiler un peu, rencontrer des amis.<\/span><\/p>\n<p><span style=\"font-family: arial, helvetica, sans-serif; font-size: 24px;\">Notre centre de vacances de Cavalaire va ouvrir fin Juin, des mesures ont \u00e9t\u00e9 prises pour le respect du protocole sanitaire, mise \u00e0 disposition de solution hydroalcoolique, masques, d\u00e9sinfection du studio apr\u00e8s le d\u00e9part d\u2019un r\u00e9sident, en revanche il ne pourra \u00eatre organis\u00e9 de soir\u00e9e ou jeux. Cette p\u00e9riode nous cause un certain pr\u00e9judice dans l\u2019\u00e9quilibre financier du centre.<\/span><\/p>\n<p><span style=\"font-family: arial, helvetica, sans-serif; font-size: 24px;\">A vous tous, je souhaite un excellent \u00e9t\u00e9, prenez n\u00e9anmoins soin de vous et \u00e0 bient\u00f4t j\u2019esp\u00e8re.<\/span><\/p>\n<p style=\"text-align: right;\"><span style=\"font-family: arial, helvetica, sans-serif; font-size: 24px;\">Le Pr\u00e9sident<\/span><\/p>\n<p style=\"text-align: right;\"><span style=\"font-family: arial, helvetica, sans-serif; font-size: 24px;\">Marc PALLUAUD<\/span><\/p>\n<p style=\"text-align: right;\"><span style=\"font-family: arial, helvetica, sans-serif; font-size: 24px;\">T\u00e9l\u00a0 <span style=\"color: #333333;\">0254203929 ou 0623448640<\/span><\/span><\/p>\n<p style=\"text-align: right;\"><span style=\"font-family: arial, helvetica, sans-serif; font-size: 24px;\">Adresse email\u00a0\u00a0\u00a0 <strong><a href=\"mailto:palluaud113@orange.fr\">palluaud113@orange.fr<\/a><\/strong><\/span><\/p>\n<p><span style=\"font-family: arial, helvetica, sans-serif; font-size: 24px;\">Amiti\u00e9s d\u00e9vou\u00e9es\u00a0<\/span><\/p>\n<p><span style=\"font-family: arial, helvetica, sans-serif; font-size: 14px;\"><strong>PS : Si certains d\u2019entre vous ont adresse une email\u00a0 que je ne\u00a0 connais pas, bien vouloir m\u2019adresser un petit coucou pour me permettre de l\u2019enregistrer et mieux vous servir par la suite. Merci<\/strong><\/span><\/p>\n<p><span style=\"font-family: arial, helvetica, sans-serif; font-size: 14px;\"><strong>\u00a0<\/strong><\/span><\/p>\n","protected":false},"excerpt":{"rendered":"<p>Huisseau-sur-Cosson le 21 Juin 2020 &nbsp; Bonjour \u00e0 toutes et tous &nbsp; J\u2019esp\u00e8re que vous avez travers\u00e9 cette p\u00e9riode de confinement dans les meilleures conditions, m\u00eame si certaines mesures sont lev\u00e9es, il n\u2019en reste pas moins qu\u2019il convient de rester d\u2019une grande prudence, avec le port du masque lorsque la distanciation ne peut \u00eatre respect\u00e9e, [&hellip;]<\/p>\n","protected":false},"author":1,"featured_media":0,"comment_status":"closed","ping_status":"open","sticky":false,"template":"","format":"standard","meta":{"footnotes":""},"categories":[1],"tags":[],"class_list":["post-1052","post","type-post","status-publish","format-standard","hentry","category-divers"],"_links":{"self":[{"href":"http:\/\/www.unrp-sites.com\/F10A\/wp-json\/wp\/v2\/posts\/1052","targetHints":{"allow":["GET"]}}],"collection":[{"href":"http:\/\/www.unrp-sites.com\/F10A\/wp-json\/wp\/v2\/posts"}],"about":[{"href":"http:\/\/www.unrp-sites.com\/F10A\/wp-json\/wp\/v2\/types\/post"}],"author":[{"embeddable":true,"href":"http:\/\/www.unrp-sites.com\/F10A\/wp-json\/wp\/v2\/users\/1"}],"replies":[{"embeddable":true,"href":"http:\/\/www.unrp-sites.com\/F10A\/wp-json\/wp\/v2\/comments?post=1052"}],"version-history":[{"count":0,"href":"http:\/\/www.unrp-sites.com\/F10A\/wp-json\/wp\/v2\/posts\/1052\/revisions"}],"wp:attachment":[{"href":"http:\/\/www.unrp-sites.com\/F10A\/wp-json\/wp\/v2\/media?parent=1052"}],"wp:term":[{"taxonomy":"category","embeddable":true,"href":"http:\/\/www.unrp-sites.com\/F10A\/wp-json\/wp\/v2\/categories?post=1052"},{"taxonomy":"post_tag","embeddable":true,"href":"http:\/\/www.unrp-sites.com\/F10A\/wp-json\/wp\/v2\/tags?post=1052"}],"curies":[{"name":"wp","href":"https:\/\/api.w.org\/{rel}","templated":true}]}}