{"id":1033,"date":"2020-06-09T15:59:45","date_gmt":"2020-06-09T17:59:45","guid":{"rendered":"http:\/\/www.unrp-sites.com\/F10A\/?p=1033"},"modified":"2023-01-10T14:29:36","modified_gmt":"2023-01-10T16:29:36","slug":"soutien-aux-membres-des-forces-de-lordre-gendarmes-et-policiers","status":"publish","type":"post","link":"http:\/\/www.unrp-sites.com\/F10A\/soutien-aux-membres-des-forces-de-lordre-gendarmes-et-policiers\/","title":{"rendered":"<center>Soutien aux membres des forces de l&rsquo;ordre, gendarmes policiers<\/center>"},"content":{"rendered":"<p><a href=\"http:\/\/www.unrp-sites.com\/F10A\/wp-content\/uploads\/2020\/04\/gros-logo.jpg\"><img loading=\"lazy\" decoding=\"async\" class=\"wp-image-1019 aligncenter\" src=\"http:\/\/www.unrp-sites.com\/F10A\/wp-content\/uploads\/2020\/04\/gros-logo.jpg\" alt=\"\" width=\"104\" height=\"104\" srcset=\"http:\/\/www.unrp-sites.com\/F10A\/wp-content\/uploads\/2020\/04\/gros-logo.jpg 550w, http:\/\/www.unrp-sites.com\/F10A\/wp-content\/uploads\/2020\/04\/gros-logo-300x300.jpg 300w, http:\/\/www.unrp-sites.com\/F10A\/wp-content\/uploads\/2020\/04\/gros-logo-150x150.jpg 150w\" sizes=\"auto, (max-width: 104px) 100vw, 104px\" \/><\/a><\/p>\n<p style=\"text-align: right;\">Paris, le 8 juin 2020<\/p>\n<p style=\"text-align: center;\"><strong>\u00a0<\/strong><strong>\u00a0<\/strong><span style=\"font-family: arial, helvetica, sans-serif; font-size: 20px;\"><strong>MESSAGE DE SOUTIEN AUX MEMBRES DES FORCES DE L&rsquo;ORDRE<br \/>\nGENDARMES ET POLICIERS <\/strong><\/span><\/p>\n<p><span style=\"font-family: arial, helvetica, sans-serif; font-size: 20px;\">Profitant de l&rsquo;\u00e9moi l\u00e9gitime provoqu\u00e9 par les images terribles de ce qu&rsquo;il faut d\u00e9noncer comme un <strong>meurtre aggrav\u00e9 <\/strong>commis \u00e0 <strong>Minneapolis <\/strong>par un Agent de Police Am\u00e9ricain, certains veulent jeter le discr\u00e9dit sur l&rsquo;honneur et l&rsquo;int\u00e9grit\u00e9 des gendarmes et policiers en France.<\/span><\/p>\n<p><span style=\"font-family: arial, helvetica, sans-serif; font-size: 20px;\">L&rsquo;amalgame malhonn\u00eate, entre les \u00e9v\u00e8nements connus aux USA et des proc\u00e9dures actuellement suivies contre des membres des forces de l\u2019ordre\u00a0en France, n&rsquo;a d&rsquo;autre but que d&rsquo;exon\u00e9rer de leurs responsabilit\u00e9s des d\u00e9linquants notoires, en for\u00e7ant l&rsquo;opinion publique et en intimidant la Justice.<\/span><\/p>\n<p><span style=\"font-family: arial, helvetica, sans-serif; font-size: 20px;\"><strong>Nous condamnons<\/strong> fermement ces m\u00e9thodes qui s&rsquo;apparentent plus \u00e0 des tentatives de d\u00e9stabilisation de la R\u00e9publique, qu&rsquo;\u00e0 la d\u00e9nonciation d&rsquo;une erreur judiciaire.<\/span><\/p>\n<p><span style=\"font-family: arial, helvetica, sans-serif; font-size: 20px;\"><strong>Nous n&rsquo;acceptons pas<\/strong> les termes de \u00ab\u00a0violences polici\u00e8res\u00a0\u00bb et l\u2019accusation ignoble de racisme syst\u00e9mique. Nous rappelons que nombre de nos coll\u00e8gues sont tomb\u00e9s parce qu\u2019ils portaient un uniforme de la r\u00e9publique sur une couleur de peau de diff\u00e9rentes origines. Ils n\u2019\u00e9taient pas \u00ab\u00a0blacks, blancs, beurs\u00a0\u00bb, ils \u00e9taient les enfants de la France et de la R\u00e9publique et nous les pleurons.<\/span><\/p>\n<p><span style=\"font-family: arial, helvetica, sans-serif; font-size: 20px;\"><strong>Nous saluons<\/strong> notamment la m\u00e9moire d&rsquo;Ahmed MERABET, Gardien de la Paix assassin\u00e9 par les fr\u00e8res KOUACHI le 07 janvier 2015, lors du sinistre attentat perp\u00e9tr\u00e9 \u00e0 \u00ab\u00a0Charly Hebdo\u00a0\u00bb et celle du Colonel de Gendarmerie Arnaud BELTRAME, tomb\u00e9 en mars 2018, en h\u00e9ros, pour sauver un otage. Tous deux ont \u00e9t\u00e9 martyris\u00e9s au nom de fanatismes que nous voyons poindre derri\u00e8re ces r\u00e9centes et trop opportunes manifestations.<\/span><\/p>\n<p><span style=\"font-family: arial, helvetica, sans-serif; font-size: 20px;\"><strong>Nous demandons <\/strong>aux journalistes, aux commentateurs de ces \u00e9v\u00e9nements qui sont dans leurs r\u00f4les, de faire montre de prudence. Ces \u00e9v\u00e9nements peuvent conduire \u00e0 des troubles graves. Chaque mot prononc\u00e9, chaque micro tendu \u00e0 la passion peut engendrer des r\u00e9actions inverses \u00e0 l\u2019objectif recherch\u00e9\u00a0: <strong>retrouver la concorde par des d\u00e9cisions \u00e9quilibr\u00e9es, justes\u00a0! <\/strong><\/span><\/p>\n<p><span style=\"font-family: arial, helvetica, sans-serif; font-size: 20px;\">Que personne ne se trompe, le racisme est une violence sourde, dissimul\u00e9e, qui se nourrit de peur et d\u2019ignorance, il ne faut pas amplifier ces peurs et entretenir le doute envers les institutions de la r\u00e9publique.<\/span><\/p>\n<p><span style=\"font-family: arial, helvetica, sans-serif; font-size: 20px;\">Il peut y avoir des \u00ab\u00a0racistes\u00a0\u00bb dans un syst\u00e8me mais ce syst\u00e8me ne l\u2019est pas par nature.<\/span><\/p>\n<p><span style=\"font-family: arial, helvetica, sans-serif; font-size: 20px;\">Non ! Il n&rsquo;existe pas plus de g\u00e8ne de la violence chez les policiers et gendarmes qu\u2019il existerait une v\u00e9rit\u00e9 inn\u00e9e dans un propos partisan !<\/span><\/p>\n<p><span style=\"font-family: arial, helvetica, sans-serif; font-size: 20px;\">Ass\u00e9ner \u00e0 volont\u00e9 ce clich\u00e9, c&rsquo;est \u00e0 dessein, r\u00e9duire la police de la r\u00e9publique \u00e0 un groupe mercenaire et permettre aux d\u00e9tracteurs d&rsquo;impliquer directement l&rsquo;ex\u00e9cutif comme \u00e9tant le donneur d&rsquo;ordre.<\/span><\/p>\n<p><span style=\"font-family: arial, helvetica, sans-serif; font-size: 20px;\"><strong>C&rsquo;est inacceptable et dangereux.<\/strong><\/span><\/p>\n<p><span style=\"font-family: arial, helvetica, sans-serif; font-size: 20px;\"><u>C\u2019est inacceptable<\/u>, car les femmes et les hommes policiers, gendarmes, recrut\u00e9s et form\u00e9s selon les r\u00e8gles \u00e9rig\u00e9es par le l\u00e9gislateur, sont attach\u00e9s aux valeurs r\u00e9publicaines. Leur formation exigeante est large et une part importante est consacr\u00e9e \u00e0 la d\u00e9ontologie. Il n&rsquo;existe pas de profession en France qui soit autant soumise \u00e0 des contr\u00f4les vigilants. La hi\u00e9rarchie, l&rsquo;Inspection G\u00e9n\u00e9rale des Services, les Elus de la R\u00e9publique, le D\u00e9fenseur des droits, les Magistrats, les Avocats, les citoyens exercent au quotidien cette surveillance et les actions sont analys\u00e9es, jug\u00e9es, parfois condamn\u00e9es et les auteurs sanctionn\u00e9s. Depuis quelques ann\u00e9es, ont \u00e9t\u00e9 rajout\u00e9s le port apparent sur l&rsquo;uniforme du num\u00e9ro d&rsquo;identification et un site d\u00e9di\u00e9 sur internet permet aux citoyens de d\u00e9noncer ce qu&rsquo;ils veulent sur les comportements et agissements qu&rsquo;ils jugeraient contraires aux lois ou attentatoires aux libert\u00e9s.<\/span><\/p>\n<p><span style=\"font-family: arial, helvetica, sans-serif; font-size: 20px;\">Quels fonctionnaires d&rsquo;Etat auraient accept\u00e9 de telles mesures ? Nous faisons le pari que la g\u00e9n\u00e9ralisation de pareilles mesures conduirait \u00e0 une contestation telle que le projet serait imm\u00e9diatement abandonn\u00e9 !<\/span><\/p>\n<p><span style=\"font-family: arial, helvetica, sans-serif; font-size: 20px;\">Non, les gendarmes et policiers de la r\u00e9publique ne sont pas des mercenaires du pouvoir en place, ils ne sont pas violents par nature, ni recrut\u00e9s et form\u00e9s pour le devenir !<\/span><\/p>\n<p><span style=\"font-family: arial, helvetica, sans-serif; font-size: 20px;\">Ils sont expos\u00e9s aux violences, insultes et menaces dans le cadre de l&rsquo;exercice de leur profession mais aussi dans leurs vies priv\u00e9es. Tr\u00e8s souvent, ces actes sournois et l\u00e2ches sont inspir\u00e9s par la haine de l&rsquo;uniforme et la volont\u00e9 d&rsquo;user la d\u00e9termination et l&rsquo;engagement de servir. Parfois certains \u00e0 bout de force, commettent l&rsquo;irr\u00e9parable&#8230;<\/span><\/p>\n<p><span style=\"font-family: arial, helvetica, sans-serif; font-size: 20px;\">Certes, leur condition humaine, malgr\u00e9 leur force et leur engagement, peut les amener \u00e0 faillir. Dans ce cas ils r\u00e9pondent de leurs actes devant la Justice.<\/span><\/p>\n<p><span style=\"font-family: arial, helvetica, sans-serif; font-size: 20px;\">Ce sera peut-\u00eatre r\u00e9v\u00e9l\u00e9 par diff\u00e9rentes enqu\u00eates men\u00e9es sur quelques faits, et dont la Justice s&rsquo;est saisie pour engager des poursuites.<\/span><\/p>\n<p><span style=\"font-family: arial, helvetica, sans-serif; font-size: 20px;\">Nous serons malheureux, comme on peut l&rsquo;\u00eatre dans une famille lorsqu\u2018un membre a faut\u00e9. Bien s\u00fbr, nous respectons les d\u00e9cisions de Justice. Nous sollicitons simplement qu&rsquo;il soit tenu compte des conditions terribles dans lesquelles les forces de l&rsquo;ordre sont quotidiennement engag\u00e9es.<\/span><\/p>\n<p><span style=\"font-family: arial, helvetica, sans-serif; font-size: 20px;\"><u>Dangereux<\/u>, ce slogan dogmatique associant les mots \u00ab\u00a0violence\u00a0\u00bb et \u00ab\u00a0police\u00a0\u00bb, l&rsquo;est en ce qu&rsquo;il \u00e9loigne les citoyens de leur police, attise la d\u00e9fiance et la haine. Les gendarmes et policiers tiennent leur l\u00e9gitimit\u00e9 de leur engagement dans le cadre des lois et du respect que peut leur t\u00e9moigner la nation dont ils sont issus.<\/span><\/p>\n<p><span style=\"font-family: arial, helvetica, sans-serif; font-size: 20px;\">Il est grand temps de rappeler que la police exerce la force publique instaur\u00e9e par la Constitution dans un cadre l\u00e9gitime.<\/span><\/p>\n<p><span style=\"font-family: arial, helvetica, sans-serif; font-size: 20px;\">Certains cherchent \u00e0 pr\u00e9senter les fauteurs de troubles comme des victimes d&rsquo;une r\u00e9pression comparable \u00e0 celle qu&rsquo;exercerait une dictature !<\/span><\/p>\n<p><span style=\"font-family: arial, helvetica, sans-serif; font-size: 20px;\">Il est n\u00e9cessaire et urgent de r\u00e9tablir la v\u00e9rit\u00e9.<\/span><\/p>\n<p><span style=\"font-family: arial, helvetica, sans-serif; font-size: 20px;\">Nous assurons tous nos coll\u00e8gues actifs, Policiers et Gendarmes de notre soutien, de notre confiance et de notre ind\u00e9fectible reconnaissance pour leur action constante pour notre s\u00e9curit\u00e9 et la p\u00e9rennit\u00e9 des institutions d\u00e9mocratiques.<\/span><\/p>\n<p>&nbsp;<\/p>\n<p style=\"text-align: right;\"><span style=\"font-family: arial, helvetica, sans-serif; font-size: 20px;\"><strong>Philippe MOUE<\/strong><\/span><\/p>\n<p style=\"text-align: right;\"><span style=\"font-family: arial, helvetica, sans-serif; font-size: 20px;\"><strong>Pr\u00e9sident de l\u2019UNRP<\/strong><\/span><\/p>\n<p><span style=\"font-family: arial, helvetica, sans-serif; font-size: 20px;\"><strong>\u00a0<\/strong><\/span><\/p>\n","protected":false},"excerpt":{"rendered":"<p>Paris, le 8 juin 2020 \u00a0\u00a0MESSAGE DE SOUTIEN AUX MEMBRES DES FORCES DE L&rsquo;ORDRE GENDARMES ET POLICIERS Profitant de l&rsquo;\u00e9moi l\u00e9gitime provoqu\u00e9 par les images terribles de ce qu&rsquo;il faut d\u00e9noncer comme un meurtre aggrav\u00e9 commis \u00e0 Minneapolis par un Agent de Police Am\u00e9ricain, certains veulent jeter le discr\u00e9dit sur l&rsquo;honneur et l&rsquo;int\u00e9grit\u00e9 des gendarmes [&hellip;]<\/p>\n","protected":false},"author":1,"featured_media":0,"comment_status":"closed","ping_status":"open","sticky":false,"template":"","format":"standard","meta":{"footnotes":""},"categories":[1],"tags":[],"class_list":["post-1033","post","type-post","status-publish","format-standard","hentry","category-divers"],"_links":{"self":[{"href":"http:\/\/www.unrp-sites.com\/F10A\/wp-json\/wp\/v2\/posts\/1033","targetHints":{"allow":["GET"]}}],"collection":[{"href":"http:\/\/www.unrp-sites.com\/F10A\/wp-json\/wp\/v2\/posts"}],"about":[{"href":"http:\/\/www.unrp-sites.com\/F10A\/wp-json\/wp\/v2\/types\/post"}],"author":[{"embeddable":true,"href":"http:\/\/www.unrp-sites.com\/F10A\/wp-json\/wp\/v2\/users\/1"}],"replies":[{"embeddable":true,"href":"http:\/\/www.unrp-sites.com\/F10A\/wp-json\/wp\/v2\/comments?post=1033"}],"version-history":[{"count":1,"href":"http:\/\/www.unrp-sites.com\/F10A\/wp-json\/wp\/v2\/posts\/1033\/revisions"}],"predecessor-version":[{"id":1267,"href":"http:\/\/www.unrp-sites.com\/F10A\/wp-json\/wp\/v2\/posts\/1033\/revisions\/1267"}],"wp:attachment":[{"href":"http:\/\/www.unrp-sites.com\/F10A\/wp-json\/wp\/v2\/media?parent=1033"}],"wp:term":[{"taxonomy":"category","embeddable":true,"href":"http:\/\/www.unrp-sites.com\/F10A\/wp-json\/wp\/v2\/categories?post=1033"},{"taxonomy":"post_tag","embeddable":true,"href":"http:\/\/www.unrp-sites.com\/F10A\/wp-json\/wp\/v2\/tags?post=1033"}],"curies":[{"name":"wp","href":"https:\/\/api.w.org\/{rel}","templated":true}]}}