{"id":80,"date":"2022-02-13T19:24:05","date_gmt":"2022-02-13T18:24:05","guid":{"rendered":"http:\/\/www.unrp-sites.com\/62\/?p=80"},"modified":"2022-03-03T10:50:44","modified_gmt":"2022-03-03T09:50:44","slug":"80","status":"publish","type":"post","link":"http:\/\/www.unrp-sites.com\/62\/2022\/02\/13\/80\/","title":{"rendered":"<center>Les retrait\u00e9s en col\u00e8re !\u2026<\/center>"},"content":{"rendered":"<p><span style=\"font-family: arial, helvetica, sans-serif; font-size: 14pt;\"><img loading=\"lazy\" decoding=\"async\" class=\" wp-image-84 aligncenter\" src=\"http:\/\/www.unrp-sites.com\/62\/wp-content\/uploads\/2022\/02\/les-retraites-en-colere-300x74.jpg\" alt=\"\" width=\"426\" height=\"105\" srcset=\"http:\/\/www.unrp-sites.com\/62\/wp-content\/uploads\/2022\/02\/les-retraites-en-colere-300x74.jpg 300w, http:\/\/www.unrp-sites.com\/62\/wp-content\/uploads\/2022\/02\/les-retraites-en-colere-1024x251.jpg 1024w, http:\/\/www.unrp-sites.com\/62\/wp-content\/uploads\/2022\/02\/les-retraites-en-colere-768x189.jpg 768w, http:\/\/www.unrp-sites.com\/62\/wp-content\/uploads\/2022\/02\/les-retraites-en-colere.jpg 1124w\" sizes=\"auto, (max-width: 426px) 100vw, 426px\" \/><\/span><\/p>\n<p>&nbsp;<\/p>\n<p><span style=\"font-family: arial, helvetica, sans-serif; font-size: 14pt;\">Annonc\u00e9 pour l\u2019automne 2019 puis pour 2020, apr\u00e8s plusieurs rapports, concertations et consultations, le projet de loi \u00ab Grand Age et Autonomie \u00bb qui doit compl\u00e9ter la cr\u00e9ation de la cinqui\u00e8me branche de la S\u00e9curit\u00e9 Sociale consacr\u00e9e \u00e0 la perte d\u2019au\u00adtonomie a \u00e9t\u00e9, \u00e0 nouveau, retard\u00e9 \u00e0 plusieurs reprises en 2020. Lors d\u2019un d\u00e9placement dans un EHPAD du Loir-et-Cher, le 22 septembre 2020, le Pr\u00e9sident de la R\u00e9publique a annonc\u00e9 un nouveau report avec le lancement d\u2019une nouvelle phase de concertation, la ministre d\u00e9l\u00e9gu\u00e9e \u00e0 l\u2019autonomie pr\u00e9cisant que le travail n\u2019est pas abouti. L\u2019urgence est bien pr\u00e9sente et am\u00adplifi\u00e9e par la crise sanitaire.<\/span><\/p>\n<p><span style=\"font-family: arial, helvetica, sans-serif; font-size: 14pt;\">Le projet de loi pr\u00e9vu pour 2021 ?<\/span><\/p>\n<p><span style=\"font-family: arial, helvetica, sans-serif; font-size: 14pt;\">Pas s\u00fbr, compte tenu des propos du porte-parole du gouvernement le 13 janvier 2021, pr\u00e9cisant que \u00ab ces deux r\u00e9formes (retraites et grand Age et autonomie) restent \u00e0 l\u2019agenda du quinquennat d\u00e8s lors que la situation sanitaire nous permettra de les reprendre \u00bb. Il est d\u00e9sormais clair que le projet de loi Grand \u00e2ge et Autonomie passera apr\u00e8s la crise sanitaire.<\/span><\/p>\n<p><span style=\"font-family: arial, helvetica, sans-serif; font-size: 14pt;\">L\u2019examen de ce projet de loi, comme d\u2019autres, d\u00e9pend donc de la prorogation par l\u2019Etat, de l\u2019urgence sanitaire qui va \u00eatre prorog\u00e9 jusqu\u2019au 1<sup>er<\/sup> juin 2021 (au lieu du 16 f\u00e9vrier) et le r\u00e9gime de sortie de l\u2019\u00e9tat d\u2019urgence sanitaire jusqu\u2019au 30 septembre 2021. Si, il n\u2019y a pas une nouvelle prolongation au-del\u00e0 de cette derni\u00e8re date le projet de loi pourrait \u00eatre soumis \u00e9ventuellement au Parlement au dernier trimestre 2021 mais rien n\u2019est s\u00fbr ; peut-\u00eatre 2022 ?<\/span><\/p>\n<p><span style=\"font-family: arial, helvetica, sans-serif; font-size: 14pt;\">La r\u00e9volte ?<\/span><\/p>\n<p><span style=\"font-family: arial, helvetica, sans-serif; font-size: 14pt;\">Elle vient de toute part : des organisations syndicales, des associations de retrait\u00e9s, des parlementaires y compris de la majorit\u00e9 puisqu\u2019au dernier trimestre 2020, 77 d\u00e9put\u00e9s de LAREM ont interpell\u00e9 le gouvernement en soulignant \u00ab\u00a0l\u2019impatience\u00a0\u00bb des parlementaires et insistant \u00ab\u00a0sur la n\u00e9cessit\u00e9 de mettre \u00e0 l\u2019agenda, d\u00e8s janvier 2021, le projet de loi Grand \u00e2ge et autonomie\u00a0\u00bb.<\/span><!--more--><\/p>\n<p><span style=\"font-family: arial, helvetica, sans-serif; font-size: 14pt;\">Avec ces reports successifs, la col\u00e8re est toute aussi forte au sein des quatre f\u00e9d\u00e9rations associatives de l\u2019aide, de l\u2019accompagnement, et des soins \u00e0 domicile qui se disent \u00ab\u00a0indign\u00e9es \u00e0 l\u2019annonce d\u2019un nouveau report de la loi Grand \u00e2ge et autonomie\u00a0\u00bb et rappellent que ce projet de loi a \u00e9t\u00e9 \u00ab\u00a0voulu par le pr\u00e9sident de la R\u00e9publique et annonc\u00e9 avant l\u2019automne 2019 comme le marqueur social de ce quinquennat\u00a0\u00bb. Aujourd\u2019hui, sans cesse repouss\u00e9, le projet de loi ne peut plus attendre ! Il y a urgence \u00e0 ce que le gouvernement passe des paroles aux actes.<span id=\"more-48\"><\/span><\/span><\/p>\n<p><span style=\"font-family: arial, helvetica, sans-serif; font-size: 14pt;\">Ces associations pr\u00e9cisent que les diagnostics ont \u00e9t\u00e9 faits et que plusieurs rapports ont \u00e9t\u00e9 rendus sur ce sujet (rapports Libault, El Khomri, Piveteau et du HCFEA) et que l\u2019heure n\u2019est plus au d\u00e9bat mais \u00e0 prendre une d\u00e9cision politique.<\/span><\/p>\n<p><span style=\"font-family: arial, helvetica, sans-serif; font-size: 14pt;\">Elles ont \u00e9t\u00e9 re\u00e7ues par le Premier Ministre le 14 janvier pour r\u00e9it\u00e9rer la demande de la mise en \u0153uvre de la Loi avant l\u2019\u00e9t\u00e9 \u00ab avec des financements \u00e0 la hauteur des besoins du secteur \u00bb.<\/span><\/p>\n<p><span style=\"font-family: arial, helvetica, sans-serif; font-size: 14pt;\">Le P\u00f4le des retrait\u00e9s de la Fonction Publique d\u00e9nonce l\u2019absence de visibilit\u00e9 et l\u2019incurie du gouvernement dans la gestion de ce dossier pr\u00e9sent\u00e9 \u00e0 l\u2019origine comme une avanc\u00e9e majeure pour les personnes \u00e2g\u00e9es.<\/span><\/p>\n","protected":false},"excerpt":{"rendered":"<p>&nbsp; Annonc\u00e9 pour l\u2019automne 2019 puis pour 2020, apr\u00e8s plusieurs rapports, concertations et consultations, le projet de loi \u00ab Grand Age et Autonomie \u00bb qui doit compl\u00e9ter la cr\u00e9ation de la cinqui\u00e8me branche de la S\u00e9curit\u00e9 Sociale consacr\u00e9e \u00e0 la perte d\u2019au\u00adtonomie a \u00e9t\u00e9, \u00e0 nouveau, retard\u00e9 \u00e0 plusieurs reprises en 2020. Lors d\u2019un d\u00e9placement [&hellip;]<\/p>\n","protected":false},"author":4,"featured_media":0,"comment_status":"closed","ping_status":"open","sticky":false,"template":"","format":"standard","meta":{"footnotes":""},"categories":[3],"tags":[],"class_list":["post-80","post","type-post","status-publish","format-standard","hentry","category-lesretraites"],"_links":{"self":[{"href":"http:\/\/www.unrp-sites.com\/62\/wp-json\/wp\/v2\/posts\/80","targetHints":{"allow":["GET"]}}],"collection":[{"href":"http:\/\/www.unrp-sites.com\/62\/wp-json\/wp\/v2\/posts"}],"about":[{"href":"http:\/\/www.unrp-sites.com\/62\/wp-json\/wp\/v2\/types\/post"}],"author":[{"embeddable":true,"href":"http:\/\/www.unrp-sites.com\/62\/wp-json\/wp\/v2\/users\/4"}],"replies":[{"embeddable":true,"href":"http:\/\/www.unrp-sites.com\/62\/wp-json\/wp\/v2\/comments?post=80"}],"version-history":[{"count":5,"href":"http:\/\/www.unrp-sites.com\/62\/wp-json\/wp\/v2\/posts\/80\/revisions"}],"predecessor-version":[{"id":86,"href":"http:\/\/www.unrp-sites.com\/62\/wp-json\/wp\/v2\/posts\/80\/revisions\/86"}],"wp:attachment":[{"href":"http:\/\/www.unrp-sites.com\/62\/wp-json\/wp\/v2\/media?parent=80"}],"wp:term":[{"taxonomy":"category","embeddable":true,"href":"http:\/\/www.unrp-sites.com\/62\/wp-json\/wp\/v2\/categories?post=80"},{"taxonomy":"post_tag","embeddable":true,"href":"http:\/\/www.unrp-sites.com\/62\/wp-json\/wp\/v2\/tags?post=80"}],"curies":[{"name":"wp","href":"https:\/\/api.w.org\/{rel}","templated":true}]}}